{"id":25277,"date":"2018-12-26T16:31:07","date_gmt":"2018-12-26T15:31:07","guid":{"rendered":"https:\/\/www.ohada.org\/conferencia-internacional-sobre-el-tema-la-economia-informal-en-el-espacio-ohada-enfoques-economicos-legales-politicos-y-socio-antropologicos\/"},"modified":"2020-11-04T13:04:15","modified_gmt":"2020-11-04T12:04:15","slug":"conferencia-internacional-sobre-el-tema-la-economia-informal-en-el-espacio-ohada-enfoques-economicos-legales-politicos-y-socio-antropologicos","status":"publish","type":"post","link":"https:\/\/www.ohada.org\/es\/conferencia-internacional-sobre-el-tema-la-economia-informal-en-el-espacio-ohada-enfoques-economicos-legales-politicos-y-socio-antropologicos\/","title":{"rendered":"Conferencia internacional sobre el tema \u00abLa econom\u00eda informal en el espacio OHADA: enfoques econ\u00f3micos, legales, pol\u00edticos y socio-antropol\u00f3gicos\u00bb"},"content":{"rendered":"<!-- VideographyWP Plugin Message: Automatic video embedding prevented by plugin options. -->\n<p><strong>La versi\u00f3n en espa\u00f1ol de este contenido estar\u00e1 disponible pr\u00f3ximamente.<\/strong><\/p>\n<p style=\"text-align: center;\"><span style=\"text-decoration: underline;\"><strong>COMMUNIQUE<\/strong><\/span><\/p>\n<p style=\"text-align: justify;\">A l\u2019occasion de la comm\u00e9moration de ses vingt (20) ans d\u2019activit\u00e9, l\u2019Ecole R\u00e9gionale Sup\u00e9rieure de la Magistrature (ERSUMA) de l\u2019Organisation pour l\u2019Harmonisation en Afrique du Droit des Affaires (OHADA) organise un colloque international sur le th\u00e8me&nbsp;: <strong>\u00ab&nbsp;L\u2019\u00e9conomie informelle dans l\u2019espace OHADA&nbsp;: approches \u00e9conomique, juridique, politique et socio-anthropologique&nbsp;\u00bb.<\/strong><\/p>\n<p style=\"text-align: justify;\">Ce colloque aura lieu du 05 au 07 octobre 2020 au si\u00e8ge de l\u2019ERSUMA \u00e0 Porto-Novo (B\u00e9nin). Les langues de communication seront le fran\u00e7ais, l\u2019anglais, le portugais et l\u2019espagnol.<\/p>\n<p style=\"text-align: justify;\">Pour plus de d\u00e9tails, veuillez cliquer sur les liens de l\u2019appel \u00e0 communications ci-dessous&nbsp;:<\/p>\n<p style=\"text-align: justify;\"><span style=\"text-decoration: underline;\"><strong>En fran\u00e7ais<\/strong><\/span><\/p>\n<p style=\"text-align: justify;\"><a href=\"index.php\/fr\/actualite\/dernieres-nouvelles\/2922-colloque-international-sur-l-economie-informelle-dans-l-espace-ohada-approches-economique-juridique-politique-et-socio-anthropologique\">https:\/\/www.ohada.org\/index.php\/fr\/actualite\/dernieres-nouvelles\/2922-colloque-international-sur-l-economie-informelle-dans-l-espace-ohada-approches-economique-juridique-politique-et-socio-anthropologique<\/a><br>\n<span style=\"text-decoration: underline;\"><strong>In english<\/strong><\/span>&nbsp;<\/p>\n<p style=\"text-align: justify;\"><a href=\"index.php\/en\/news\/latest-news\/2923-international-colloquium-on-the-informal-economy-in-ohada-space-economic-legal-political-socio-anthropological-approches\">https:\/\/www.ohada.org\/index.php\/en\/news\/latest-news\/2923-international-colloquium-on-the-informal-economy-in-ohada-space-economic-legal-political-socio-anthropological-approches<\/a><br>\n<span style=\"text-decoration: underline;\"><strong>Em portugu\u00e8s<\/strong><\/span><\/p>\n<p style=\"text-align: justify;\"><a href=\"index.php\/pt\/actualite-pt\/dernieres-nouvelles-pt\/2924-coloquio-internacional-sobre-a-economia-informal-no-espaco-ohada-abordagem-economica-juridica-politica-e-socio-antropologica\">https:\/\/www.ohada.org\/index.php\/pt\/actualite-pt\/dernieres-nouvelles-pt\/2924-coloquio-internacional-sobre-a-economia-informal-no-espaco-ohada-abordagem-economica-juridica-politica-e-socio-antropologica<\/a><\/p>\n<p style=\"text-align: justify;\">Pour plus de renseignements, contactez-nous&nbsp;:<\/p>\n<p><strong>ERSUMA <\/strong><br>\n<strong>Ouando, Carrefour Cinquantenaire \u2013 Route de Pob\u00e8<\/strong><br>\n<strong>02 BP 353 Porto-Novo, R\u00e9publique du B\u00e9nin<\/strong><br>\n<strong>T\u00e9l&nbsp;: +229 20 24 58 04 \u2013 97 97 05 37 \u2013 95 40 31 90<\/strong><br>\n<strong>E-mails&nbsp;: ersuma@ohada.org<\/strong><\/p>\n<p style=\"text-align: justify;\">Le Directeur G\u00e9n\u00e9ral<\/p>\n<p style=\"text-align: justify;\"><strong>Pr. Mayatta Ndiaye MBAYE<\/strong><\/p>\n\n\n<div class=\"wp-block-file\"><a href=\"http:\/\/nwp.ohada.org\/ohd1\/wp-content\/uploads\/2019\/01\/old.ohada_.org_jl_attachments_article_2925_FORMULAIRE-COLLOQUE-VP.docx\">FORMULAIRE COLLOQUE (VP).docx<\/a><a href=\"http:\/\/nwp.ohada.org\/ohd1\/wp-content\/uploads\/2019\/01\/old.ohada_.org_jl_attachments_article_2925_FORMULAIRE-COLLOQUE-VP.docx\" class=\"wp-block-file__button\" download>Descargar<\/a><\/div>\n","protected":false},"excerpt":{"rendered":"<p>La versi\u00f3n en espa\u00f1ol de este contenido estar\u00e1 disponible pr\u00f3ximamente. COMMUNIQUE A l\u2019occasion de la comm\u00e9moration de ses vingt (20) ans d\u2019activit\u00e9, l\u2019Ecole R\u00e9gionale Sup\u00e9rieure de la Magistrature (ERSUMA) de l\u2019Organisation pour l\u2019Harmonisation en Afrique du Droit des Affaires (OHADA) organise un colloque international sur le th\u00e8me&nbsp;: \u00ab&nbsp;L\u2019\u00e9conomie informelle dans l\u2019espace OHADA&nbsp;: approches \u00e9conomique, juridique, [&hellip;]<\/p>\n","protected":false},"author":8,"featured_media":0,"comment_status":"open","ping_status":"closed","sticky":false,"template":"","format":"standard","meta":{"_relevanssi_hide_post":"","_relevanssi_hide_content":"","_relevanssi_pin_for_all":"","_relevanssi_pin_keywords":"","_relevanssi_unpin_keywords":"","_relevanssi_related_keywords":"","_relevanssi_related_include_ids":"","_relevanssi_related_exclude_ids":"","_relevanssi_related_no_append":"","_relevanssi_related_not_related":"","_relevanssi_related_posts":"","_relevanssi_noindex_reason":"","footnotes":""},"categories":[217],"tags":[170,218,185,220,183,166,168,61,221,174],"acf":[],"_links":{"self":[{"href":"https:\/\/www.ohada.org\/es\/wp-json\/wp\/v2\/posts\/25277"}],"collection":[{"href":"https:\/\/www.ohada.org\/es\/wp-json\/wp\/v2\/posts"}],"about":[{"href":"https:\/\/www.ohada.org\/es\/wp-json\/wp\/v2\/types\/post"}],"author":[{"embeddable":true,"href":"https:\/\/www.ohada.org\/es\/wp-json\/wp\/v2\/users\/8"}],"replies":[{"embeddable":true,"href":"https:\/\/www.ohada.org\/es\/wp-json\/wp\/v2\/comments?post=25277"}],"version-history":[{"count":2,"href":"https:\/\/www.ohada.org\/es\/wp-json\/wp\/v2\/posts\/25277\/revisions"}],"predecessor-version":[{"id":27943,"href":"https:\/\/www.ohada.org\/es\/wp-json\/wp\/v2\/posts\/25277\/revisions\/27943"}],"wp:attachment":[{"href":"https:\/\/www.ohada.org\/es\/wp-json\/wp\/v2\/media?parent=25277"}],"wp:term":[{"taxonomy":"category","embeddable":true,"href":"https:\/\/www.ohada.org\/es\/wp-json\/wp\/v2\/categories?post=25277"},{"taxonomy":"post_tag","embeddable":true,"href":"https:\/\/www.ohada.org\/es\/wp-json\/wp\/v2\/tags?post=25277"}],"curies":[{"name":"wp","href":"https:\/\/api.w.org\/{rel}","templated":true}]}}