{"id":41373,"date":"2024-10-08T17:56:38","date_gmt":"2024-10-08T16:56:38","guid":{"rendered":"https:\/\/www.ohada.org\/?p=41373"},"modified":"2024-10-10T22:39:56","modified_gmt":"2024-10-10T21:39:56","slug":"participacion-del-secretario-permanente-de-la-ohada-en-la-cumbre-de-afrec","status":"publish","type":"post","link":"https:\/\/www.ohada.org\/es\/participacion-del-secretario-permanente-de-la-ohada-en-la-cumbre-de-afrec\/","title":{"rendered":"Participaci\u00f3n del Secretario Permanente de la OHADA en la cumbre de AFREC"},"content":{"rendered":"<p><!-- VideographyWP Plugin Message: Automatic video embedding prevented by plugin options. --><\/p>\n<p style=\"font-weight: 400; text-align: justify;\"><em><span data-ogsc=\"black\">A invitaci\u00f3n de la Alianza franc\u00f3fona de los registros de comercio (AFREC) y en presencia del Director de Asuntos civiles y del Sello representante del Ministro de Justicia, Guardi\u00e1n de los Sellos de la Rep\u00fablica Francesa, el Secretario Permanente de la OHADA particip\u00f3 en la 2a edici\u00f3n del Foro de AFREC sobre el tema \u00abIdioma franc\u00e9s, cooperaci\u00f3n entre registros: el potencial de la Francofon\u00eda\u00bb. Este evento bianual combinado al 136to\u00a0Congreso del Consejo nacional de secretarios judiciales de los tribunales de comercio de Francia (CNGT), se celebr\u00f3 los d\u00edas 3 y 4 de octubre de 2024 en Reims (Francia) al margen de la XIXa\u00a0Cumbre internacional de la Francofon\u00eda.<\/span><\/em><\/p>\n<p style=\"font-weight: 400; text-align: justify;\"><em><span data-ogsc=\"black\">En esta ocasi\u00f3n, y frente a un p\u00fablico de m\u00e1s de 200 participantes de 20 nacionalidades distintas, el Secretario Permanente de la OHADA present\u00f3 la Organizaci\u00f3n, sus realizaciones, sus aportes a la econom\u00eda de sus Estados miembros, y tambi\u00e9n sus perspectivas de expansi\u00f3n. Tambi\u00e9n record\u00f3 las especificidades del RCCM, as\u00ed como los desaf\u00edos y las orientaciones para su funcionamiento\u00a0normal en el inter\u00e9s de los inversores, profesionales y Estados.<\/span><\/em><\/p>\n<p style=\"font-weight: 400; text-align: justify;\"><em><span data-ogsc=\"black\">Al final el Secretario Permanente particip\u00f3 en la reuni\u00f3n institucional de los miembros de AFREC marcado en particular por una presentaci\u00f3n de la experiencia de Infogreffe y enriquecedores debates sobre los medios, las estrategias y los m\u00e9todos de gesti\u00f3n de registros. Los resultados de estos fruct\u00edferos debates se explotar\u00e1n en el proyecto de mejoramiento del RCCM-OHADA y del RSCOOP y la efectividad de los registros de beneficiarios efectivos en los pa\u00edses miembros de la OHADA. Tambi\u00e9n, inici\u00f3 acciones para el fortalecimiento de la cooperaci\u00f3n con la Alianza, los Secretarios Judiciales y los distintos protagonistas de la Justicia comercial en particular los tribunales comerciales, los organismos p\u00fablicos y la asociaci\u00f3n de empresarios.<\/span><\/em><\/p>\n<p>&nbsp;<\/p>\n<div id='gallery-1' class='gallery galleryid-41373 gallery-columns-3 gallery-size-large'><figure class='gallery-item'>\n\t\t\t<div class='gallery-icon landscape'>\n\t\t\t\t<a href='https:\/\/www.ohada.org\/wp-content\/uploads\/2024\/10\/SP_AFREC_01.jpg'><img loading=\"lazy\" decoding=\"async\" width=\"1024\" height=\"683\" src=\"https:\/\/www.ohada.org\/wp-content\/uploads\/2024\/10\/SP_AFREC_01.jpg\" class=\"attachment-large size-large\" alt=\"\" srcset=\"https:\/\/www.ohada.org\/wp-content\/uploads\/2024\/10\/SP_AFREC_01.jpg 1024w, https:\/\/www.ohada.org\/wp-content\/uploads\/2024\/10\/SP_AFREC_01-300x200.jpg 300w, https:\/\/www.ohada.org\/wp-content\/uploads\/2024\/10\/SP_AFREC_01-768x512.jpg 768w\" sizes=\"(max-width: 1024px) 100vw, 1024px\" \/><\/a>\n\t\t\t<\/div><\/figure><figure class='gallery-item'>\n\t\t\t<div class='gallery-icon landscape'>\n\t\t\t\t<a href='https:\/\/www.ohada.org\/wp-content\/uploads\/2024\/10\/SP_AFREC_02.jpg'><img loading=\"lazy\" decoding=\"async\" width=\"1024\" height=\"683\" src=\"https:\/\/www.ohada.org\/wp-content\/uploads\/2024\/10\/SP_AFREC_02.jpg\" class=\"attachment-large size-large\" alt=\"\" srcset=\"https:\/\/www.ohada.org\/wp-content\/uploads\/2024\/10\/SP_AFREC_02.jpg 1024w, https:\/\/www.ohada.org\/wp-content\/uploads\/2024\/10\/SP_AFREC_02-300x200.jpg 300w, https:\/\/www.ohada.org\/wp-content\/uploads\/2024\/10\/SP_AFREC_02-768x512.jpg 768w\" sizes=\"(max-width: 1024px) 100vw, 1024px\" \/><\/a>\n\t\t\t<\/div><\/figure><figure class='gallery-item'>\n\t\t\t<div class='gallery-icon landscape'>\n\t\t\t\t<a href='https:\/\/www.ohada.org\/wp-content\/uploads\/2024\/10\/SP_AFREC_03.jpg'><img loading=\"lazy\" decoding=\"async\" width=\"1024\" height=\"683\" src=\"https:\/\/www.ohada.org\/wp-content\/uploads\/2024\/10\/SP_AFREC_03.jpg\" class=\"attachment-large size-large\" alt=\"\" srcset=\"https:\/\/www.ohada.org\/wp-content\/uploads\/2024\/10\/SP_AFREC_03.jpg 1024w, https:\/\/www.ohada.org\/wp-content\/uploads\/2024\/10\/SP_AFREC_03-300x200.jpg 300w, https:\/\/www.ohada.org\/wp-content\/uploads\/2024\/10\/SP_AFREC_03-768x512.jpg 768w\" sizes=\"(max-width: 1024px) 100vw, 1024px\" \/><\/a>\n\t\t\t<\/div><\/figure>\n\t\t<\/div>\n\n","protected":false},"excerpt":{"rendered":"<p>A invitaci\u00f3n de la Alianza franc\u00f3fona de los registros de comercio (AFREC) y en presencia del Director de Asuntos civiles y del Sello representante del Ministro de Justicia, Guardi\u00e1n de los Sellos de la Rep\u00fablica Francesa, el Secretario Permanente de la OHADA particip\u00f3 en la 2a edici\u00f3n del Foro de AFREC sobre el tema \u00abIdioma [&hellip;]<\/p>\n","protected":false},"author":12,"featured_media":41359,"comment_status":"closed","ping_status":"closed","sticky":false,"template":"","format":"standard","meta":{"_relevanssi_hide_post":"","_relevanssi_hide_content":"","_relevanssi_pin_for_all":"","_relevanssi_pin_keywords":"","_relevanssi_unpin_keywords":"","_relevanssi_related_keywords":"","_relevanssi_related_include_ids":"","_relevanssi_related_exclude_ids":"","_relevanssi_related_no_append":"","_relevanssi_related_not_related":"","_relevanssi_related_posts":"","_relevanssi_noindex_reason":"","footnotes":""},"categories":[442,534,217],"tags":[],"acf":[],"_links":{"self":[{"href":"https:\/\/www.ohada.org\/es\/wp-json\/wp\/v2\/posts\/41373"}],"collection":[{"href":"https:\/\/www.ohada.org\/es\/wp-json\/wp\/v2\/posts"}],"about":[{"href":"https:\/\/www.ohada.org\/es\/wp-json\/wp\/v2\/types\/post"}],"author":[{"embeddable":true,"href":"https:\/\/www.ohada.org\/es\/wp-json\/wp\/v2\/users\/12"}],"replies":[{"embeddable":true,"href":"https:\/\/www.ohada.org\/es\/wp-json\/wp\/v2\/comments?post=41373"}],"version-history":[{"count":1,"href":"https:\/\/www.ohada.org\/es\/wp-json\/wp\/v2\/posts\/41373\/revisions"}],"predecessor-version":[{"id":41374,"href":"https:\/\/www.ohada.org\/es\/wp-json\/wp\/v2\/posts\/41373\/revisions\/41374"}],"wp:featuredmedia":[{"embeddable":true,"href":"https:\/\/www.ohada.org\/es\/wp-json\/wp\/v2\/media\/41359"}],"wp:attachment":[{"href":"https:\/\/www.ohada.org\/es\/wp-json\/wp\/v2\/media?parent=41373"}],"wp:term":[{"taxonomy":"category","embeddable":true,"href":"https:\/\/www.ohada.org\/es\/wp-json\/wp\/v2\/categories?post=41373"},{"taxonomy":"post_tag","embeddable":true,"href":"https:\/\/www.ohada.org\/es\/wp-json\/wp\/v2\/tags?post=41373"}],"curies":[{"name":"wp","href":"https:\/\/api.w.org\/{rel}","templated":true}]}}