{"id":21150,"date":"2020-09-17T07:38:57","date_gmt":"2020-09-17T05:38:57","guid":{"rendered":"https:\/\/www.ohada.org\/desconto-de-codigos-verdes-ohada-para-a-manutencao-de-selos-da-republica-dos-camaroes\/"},"modified":"2020-11-04T07:58:44","modified_gmt":"2020-11-04T06:58:44","slug":"desconto-de-codigos-verdes-ohada-para-a-manutencao-de-selos-da-republica-dos-camaroes","status":"publish","type":"post","link":"https:\/\/www.ohada.org\/pt-pt\/desconto-de-codigos-verdes-ohada-para-a-manutencao-de-selos-da-republica-dos-camaroes\/","title":{"rendered":"DESCONTO DE C\u00d3DIGOS VERDES OHADA PARA A MANUTEN\u00c7\u00c3O DE SELOS DA REP\u00daBLICA DOS CAMAR\u00d5ES"},"content":{"rendered":"<!-- VideographyWP Plugin Message: Automatic video embedding prevented by plugin options. -->\n<p style=\"text-align: center;\" data-mce-style=\"text-align: center;\"><strong>DESCONTO DE C\u00d3DIGOS VERDES OHADA PARA A MANUTEN\u00c7\u00c3O DE SELOS DA REP\u00daBLICA DOS CAMAR\u00d5ES<\/strong><\/p>\n<p style=\"text-align: center;\" data-mce-style=\"text-align: center;\"><img loading=\"lazy\" decoding=\"async\" class=\"aligncenter wp-image-21156 size-large\" src=\"https:\/\/www.ohada.org\/wp-content\/uploads\/2020\/10\/IMG_4869-1024x683.jpg\" alt=\"\" width=\"1024\" height=\"683\" data-mce-src=\"https:\/\/www.ohada.org\/wp-content\/uploads\/2020\/10\/IMG_4869-1024x683.jpg\" srcset=\"https:\/\/www.ohada.org\/wp-content\/uploads\/2020\/10\/IMG_4869-1024x683.jpg 1024w, https:\/\/www.ohada.org\/wp-content\/uploads\/2020\/10\/IMG_4869-300x200.jpg 300w, https:\/\/www.ohada.org\/wp-content\/uploads\/2020\/10\/IMG_4869-768x512.jpg 768w, https:\/\/www.ohada.org\/wp-content\/uploads\/2020\/10\/IMG_4869-1536x1024.jpg 1536w, https:\/\/www.ohada.org\/wp-content\/uploads\/2020\/10\/IMG_4869-2048x1365.jpg 2048w\" sizes=\"(max-width: 1024px) 100vw, 1024px\" \/><\/p>\n<p style=\"text-align: left;\" data-mce-style=\"text-align: left;\"><\/p>\n<p>Aos 28 dias do m\u00eas de Agosto de 2020, o Secret\u00e1rio Permanente da Organiza\u00e7\u00e3o para a Harmoniza\u00e7\u00e3o em \u00c1frica do Direito dos Neg\u00f3cios (OHADA),&nbsp;<strong>Prof. Emmanuel Sibidi DARANKOUM<\/strong>, foi recebido em audi\u00eancia por SE Sr. Laurent ESSO, Ministro de Estado, Ministro da Justi\u00e7a da Rep\u00fablica dos Camar\u00f5es, na presen\u00e7a do Dr. Gaston KENFACK DOUAJNI, Diretor de Legisla\u00e7\u00e3o e membro da Comiss\u00e3o Nacional da OHADA dos Camar\u00f5es.<\/p>\n<p>Depois de exprimir a sua gratid\u00e3o ao Ministro da Justi\u00e7a pela sua constante disponibilidade, o Secret\u00e1rio Permanente deu-lhe \u00e0 conhecer o balan\u00e7o das atividades realizadas pela OHADA h\u00e1 um ano, apesar da pandemia COVID-19, e recolheu as suas orienta\u00e7\u00f5es e conselhos.<\/p>\n<p>\u00c0 margem da audi\u00eancia, o Secret\u00e1rio Permanente ofereceu ao Ministro de Estado um importante lote de c\u00f3digos verdes, edi\u00e7\u00e3o 2020, gentilmente cedidos pela UNIDA ao Secretariado Permanente da OHADA tendo em vista a difus\u00e3o e a vulgariza\u00e7\u00e3o do direito OHADA nos Camar\u00f5es.<\/p>\n<p><\/p>\n<p style=\"text-align: center;\" data-mce-style=\"text-align: center;\">&nbsp;&nbsp;<strong>Prof. Emmanuel Sibidi DARANKOUM&nbsp;&nbsp;&nbsp;&nbsp;&nbsp;&nbsp;&nbsp;&nbsp;&nbsp;&nbsp;&nbsp;&nbsp;&nbsp;&nbsp;&nbsp;&nbsp;&nbsp;&nbsp;&nbsp;&nbsp;&nbsp;&nbsp;&nbsp;&nbsp;&nbsp;&nbsp;&nbsp;&nbsp;&nbsp;&nbsp;&nbsp;&nbsp;&nbsp;&nbsp;&nbsp;&nbsp;&nbsp;&nbsp;&nbsp;&nbsp;&nbsp;&nbsp;<\/strong><\/p>\n\n<figure class=\"wp-block-gallery columns-0 is-cropped wp-block-gallery-1 is-layout-flex wp-block-gallery-is-layout-flex\"><ul class=\"blocks-gallery-grid\"><\/ul><\/figure>","protected":false},"excerpt":{"rendered":"<p>DESCONTO DE C\u00d3DIGOS VERDES OHADA PARA A MANUTEN\u00c7\u00c3O DE SELOS DA REP\u00daBLICA DOS CAMAR\u00d5ES Aos 28 dias do m\u00eas de Agosto de 2020, o Secret\u00e1rio Permanente da Organiza\u00e7\u00e3o para a Harmoniza\u00e7\u00e3o em \u00c1frica do Direito dos Neg\u00f3cios (OHADA),&nbsp;Prof. Emmanuel Sibidi DARANKOUM, foi recebido em audi\u00eancia por SE Sr. Laurent ESSO, Ministro de Estado, Ministro da [&hellip;]<\/p>\n","protected":false},"author":3,"featured_media":0,"comment_status":"closed","ping_status":"closed","sticky":false,"template":"","format":"standard","meta":{"_relevanssi_hide_post":"","_relevanssi_hide_content":"","_relevanssi_pin_for_all":"","_relevanssi_pin_keywords":"","_relevanssi_unpin_keywords":"","_relevanssi_related_keywords":"","_relevanssi_related_include_ids":"","_relevanssi_related_exclude_ids":"","_relevanssi_related_no_append":"","_relevanssi_related_not_related":"","_relevanssi_related_posts":"","_relevanssi_noindex_reason":"","footnotes":""},"categories":[212,441],"tags":[214,215,216],"acf":[],"_links":{"self":[{"href":"https:\/\/www.ohada.org\/pt-pt\/wp-json\/wp\/v2\/posts\/21150"}],"collection":[{"href":"https:\/\/www.ohada.org\/pt-pt\/wp-json\/wp\/v2\/posts"}],"about":[{"href":"https:\/\/www.ohada.org\/pt-pt\/wp-json\/wp\/v2\/types\/post"}],"author":[{"embeddable":true,"href":"https:\/\/www.ohada.org\/pt-pt\/wp-json\/wp\/v2\/users\/3"}],"replies":[{"embeddable":true,"href":"https:\/\/www.ohada.org\/pt-pt\/wp-json\/wp\/v2\/comments?post=21150"}],"version-history":[{"count":4,"href":"https:\/\/www.ohada.org\/pt-pt\/wp-json\/wp\/v2\/posts\/21150\/revisions"}],"predecessor-version":[{"id":27785,"href":"https:\/\/www.ohada.org\/pt-pt\/wp-json\/wp\/v2\/posts\/21150\/revisions\/27785"}],"wp:attachment":[{"href":"https:\/\/www.ohada.org\/pt-pt\/wp-json\/wp\/v2\/media?parent=21150"}],"wp:term":[{"taxonomy":"category","embeddable":true,"href":"https:\/\/www.ohada.org\/pt-pt\/wp-json\/wp\/v2\/categories?post=21150"},{"taxonomy":"post_tag","embeddable":true,"href":"https:\/\/www.ohada.org\/pt-pt\/wp-json\/wp\/v2\/tags?post=21150"}],"curies":[{"name":"wp","href":"https:\/\/api.w.org\/{rel}","templated":true}]}}