{"id":21201,"date":"2020-09-08T08:44:00","date_gmt":"2020-09-08T06:44:00","guid":{"rendered":"https:\/\/www.ohada.org\/remy-rioux-apesar-da-crise-a-afd-mantem-o-seu-nivel-de-atividade-em-2020\/"},"modified":"2020-11-04T16:42:15","modified_gmt":"2020-11-04T15:42:15","slug":"remy-rioux-apesar-da-crise-a-afd-mantem-o-seu-nivel-de-atividade-em-2020","status":"publish","type":"post","link":"https:\/\/www.ohada.org\/pt-pt\/remy-rioux-apesar-da-crise-a-afd-mantem-o-seu-nivel-de-atividade-em-2020\/","title":{"rendered":"R\u00e9my Rioux: \u201cApesar da crise, a AFD mant\u00e9m o seu n\u00edvel de atividade em 2020\u201d"},"content":{"rendered":"<!-- VideographyWP Plugin Message: Automatic video embedding prevented by plugin options. -->\n<h2 style=\"text-align: center;\">R\u00e9my Rioux: \u201cApesar da crise, a AFD mant\u00e9m o seu n\u00edvel de atividade em 2020\u201d<\/h2>\n<p><strong>A vers\u00e3o em portugu\u00eas deste conte\u00fado estar\u00e1 dispon\u00edvel em breve.<\/strong><\/p>\n<p style=\"text-align: center;\">R\u00c9SERV\u00c9 AUX ABONN\u00c9S<\/p>\n<p style=\"text-align: center;\">07 septembre 2020 \u00e0 10h34<\/p>\n<p style=\"text-align: center;\">Par\u00a0<a href=\"https:\/\/www.jeuneafrique.com\/auteurs\/e.maussion\/\">Estelle Maussion ( \/auteurs\/e.maussion\/ )<\/a><\/p>\n<p>\u00a0<\/p>\n<p><img loading=\"lazy\" decoding=\"async\" class=\"aligncenter wp-image-21189 size-full\" src=\"https:\/\/www.ohada.org\/wp-content\/uploads\/2020\/10\/RemixRioux.png\" alt=\"\" width=\"940\" height=\"671\" srcset=\"https:\/\/www.ohada.org\/wp-content\/uploads\/2020\/10\/RemixRioux.png 940w, https:\/\/www.ohada.org\/wp-content\/uploads\/2020\/10\/RemixRioux-300x214.png 300w, https:\/\/www.ohada.org\/wp-content\/uploads\/2020\/10\/RemixRioux-768x548.png 768w\" sizes=\"(max-width: 940px) 100vw, 940px\" \/><\/p>\n<p style=\"text-align: justify;\"><strong>L<\/strong><strong>e r\u00f4le des banques de d\u00e9veloppement en p\u00e9riode de crise est crucial mais R\u00e9my Rioux, le patron de l&#8217;AFD appelle \u00e0 ne pas oublier le soutien aux PME pour sauvegarder le tissu entrepreneurial africain.<\/strong><\/p>\n<p>Porter un discours \u00ab disruptif \u00bb mais \u00ab le plus honn\u00eate possible \u00bb sur l&#8217;Afrique. Telle est la mission \u2013 en plus du financement de 500 projets par an sur le continent \u2013 de l&#8217;Agence fran\u00e7aise de d\u00e9veloppement (AFD) et de son patron depuis 2016, R\u00e9my Rioux (<a href=\"https:\/\/www.jeuneafrique.com\/781862\/economie\/remy-rioux-reconduit-a-la-tete-de-lafd-sur-recommandation-demmanuel-macron\/\">https:<strong>\/<\/strong>\u00a0www.jeuneafrique.com\/781862\/economie\/remy-rioux- reconduit-a-la-tete-de-lafd-sur-recommandation-demmanuel- macron\/<\/a>).<\/p>\n<p style=\"text-align: justify;\">Cr\u00e9\u00e9e en 1941 et implant\u00e9e \u00e0 Dakar d\u00e8s l&#8217;ann\u00e9e suivante, l&#8217;AFD a, en 2019, approuv\u00e9 14 milliards d&#8217;euros de financement dans plus de cent pays dont la moiti\u00e9 en Afrique, elle dispose de 30 agence dans\u00a0 49 pays. Autant dire que le continent \u2013 et en particulier le Sahel \u2013 constitue une priorit\u00e9 pour ce bras arm\u00e9 de la France en mati\u00e8re d&#8217;aide au d\u00e9veloppement, qui concentre ses financements sur des secteurs \u00e0 fort impact social : l&#8217;\u00e9nergie, l&#8217;\u00e9ducation, l&#8217;acc\u00e8s \u00e0 l&#8217;eau et \u00e0 l&#8217;assainissement, l&#8217;agriculture, notamment.<\/p>\n<p style=\"text-align: justify;\">Cette action s&#8217;accompagne de publications r\u00e9guli\u00e8res. La derni\u00e8re en date est un atlas ( Atlas de l&#8217;Afrique \u2013 AFD. Pour un autre regard sur le continent, publi\u00e9 le 26 ao\u00fbt chez Armand Colin), regroupant une centaine de cartes in\u00e9dites pour \u00e9valuer et pr\u00e9senter les progr\u00e8s du continent en mati\u00e8re de d\u00e9veloppement. Il s&#8217;agit de \u00ab rendre justice \u00e0 l&#8217;Afrique \u00bb \u2013 en rappelant que le continent p\u00e8se d\u00e9j\u00e0 autant en termes de population et de produit int\u00e9rieur brut (PIB) que l&#8217;Inde \u2013 tout en \u00ab rappelant sa diversit\u00e9 \u00bb mais aussi \u00ab sa capacit\u00e9 \u00e0 innover\u00bb.<\/p>\n<p style=\"text-align: justify;\">Le r\u00e9sultat met en avant, malgr\u00e9 le contexte difficile, \u00abl&#8217;impressionnant chemin parcouru par le continent \u00bb, souligne R\u00e9my Rioux, \u00e9galement pr\u00e9sident du Club international de la finance du d\u00e9veloppement (IDFC).<\/p>\n<p style=\"text-align: justify;\"><strong>Jeune Afrique : Quels enseignements sont \u00e0 tirer de la p\u00e9riode actuelle de crise, sanitaire et \u00e9conomique, provoqu\u00e9e par la pand\u00e9mie de coronavirus ?<\/strong><\/p>\n<p style=\"text-align: justify;\">R\u00e9my Rioux : J&#8217;en vois deux principaux. D&#8217;une part, l&#8217;int\u00e9gration africaine ou plut\u00f4t les int\u00e9grations africaines progressent ind\u00e9niablement. La rapidit\u00e9 et la coh\u00e9rence de la r\u00e9ponse africaine \u00e0 cette crise sanitaire l&#8217;ont, pour le moment, bien montr\u00e9. D&#8217;autre part, contrairement \u00e0 l&#8217;id\u00e9e r\u00e9pandue de syst\u00e8mes de sant\u00e9 d\u00e9faillants, nous avons vu des organisations \u2013 pourtant peu dot\u00e9es en personnel de sant\u00e9 \u2013 fonctionner et r\u00e9ussir \u00e0 mobiliser d&#8217;autres acteurs sociaux ou m\u00eame la m\u00e9decine traditionnelle dans la lutte contre le coronavirus (<a href=\"https:\/\/www.jeuneafrique.com\/942074\/societe\/coronavirus-loms-doit-faciliter-les-recherches-sur-lartemisia\/\">https:<strong>\/\u00a0<\/strong>www.jeuneafrique.com\/942074\/societe\/coronavirus-loms- doit-faciliter-les-recherches-sur-lartemisia\/<\/a>).<\/p>\n<p style=\"text-align: justify;\">L&#8217;\u00e9pid\u00e9mie est loin d&#8217;\u00eatre finie mais j&#8217;ai \u00e9t\u00e9 tr\u00e8s int\u00e9ress\u00e9 par notre incompr\u00e9hension de l&#8217;\u00e9volution de la Covid-19 en Afrique et notre trouble face \u00e0 une r\u00e9alit\u00e9 africaine qui n&#8217;entrait pas dans des cases pr\u00e9\u00e9tablies. C&#8217;est exactement l&#8217;esprit de notre atlas qui vise, \u00e0 la suite du discours de Ouagadougou du pr\u00e9sident Macron en 2017, \u00e0 changer les regards.<\/p>\n<p style=\"text-align: justify;\"><strong>Si la r\u00e9ponse sanitaire a \u00e9t\u00e9 \u00e0 la hauteur selon vous, qu&#8217;en est-il de la r\u00e9ponse \u00e9conomique ?<\/strong><\/p>\n<p style=\"text-align: justify;\">La crise \u00e9conomique est, elle, certaine et profonde et chaque acteur doit se mobiliser tr\u00e8s vite. Avec un point auquel il faut \u00eatre tr\u00e8s attentif : \u00e9viter le d\u00e9chirement du tissu de PME existant. On parle beaucoup des questions de sant\u00e9 et de dette des \u00c9tats mais il faut aussi se pr\u00e9occuper de micro-\u00e9conomie. On sait combien l&#8217;acc\u00e8s au cr\u00e9dit \u00e9tait d\u00e9j\u00e0 compliqu\u00e9 avant la crise, il faut se mobiliser pour \u00e9viter les faillites et la bascule des activit\u00e9s dans le secteur informel. Bref, ne laissons pas tomber le secteur priv\u00e9 africain !<\/p>\n<p style=\"text-align: justify;\">Proparco, notre filiale d\u00e9di\u00e9e au secteur priv\u00e9 (<a href=\"https:\/\/www.jeuneafrique.com\/756044\/economie\/france-senegal-proparco-va-ouvrir-un-nouveau-bureau-a-dakar\/\">https:<strong>\/\u00a0<\/strong>www.jeuneafrique.com\/756044\/economie\/france-senegal- proparco-va-ouvrir-un-nouveau-bureau-a-dakar\/<\/a>), poursuit et renforce le d\u00e9ploiement de l&#8217;initiative Choose Africa avec pr\u00e8s d&#8217;1,5 milliard d&#8217;euros investis depuis dix-huit mois en soutien aux start-up, TPE et PME africaines. Il faut faire beaucoup plus et b\u00e2tir une large coalition financi\u00e8re, car les dispositifs pour r\u00e9sister \u00e0 la crise ne sont pas encore \u00e0 l&#8217;\u00e9chelle.<\/p>\n<p><a title=\"R\u00e9my Rioux : \u00ab Malgr\u00e9 la crise, l'AFD maintient son niveau d'activit\u00e9s en 2020 \u00bb\" href=\"https:\/\/www.jeuneafrique.com\/1039289\/economie\/remy-rioux-malgre-la-crise-lafd-maintient-son-niveau-dactivites-en-2020\/\">Lire la suite &#8230;<\/a><\/p>\n\n\n<p>.<\/p>\n","protected":false},"excerpt":{"rendered":"<p>R\u00e9my Rioux: \u201cApesar da crise, a AFD mant\u00e9m o seu n\u00edvel de atividade em 2020\u201d A vers\u00e3o em portugu\u00eas deste conte\u00fado estar\u00e1 dispon\u00edvel em breve. R\u00c9SERV\u00c9 AUX ABONN\u00c9S 07 septembre 2020 \u00e0 10h34 Par\u00a0Estelle Maussion ( \/auteurs\/e.maussion\/ ) \u00a0 Le r\u00f4le des banques de d\u00e9veloppement en p\u00e9riode de crise est crucial mais R\u00e9my Rioux, le [&hellip;]<\/p>\n","protected":false},"author":3,"featured_media":0,"comment_status":"closed","ping_status":"closed","sticky":false,"template":"","format":"standard","meta":{"_relevanssi_hide_post":"","_relevanssi_hide_content":"","_relevanssi_pin_for_all":"","_relevanssi_pin_keywords":"","_relevanssi_unpin_keywords":"","_relevanssi_related_keywords":"","_relevanssi_related_include_ids":"","_relevanssi_related_exclude_ids":"","_relevanssi_related_no_append":"","_relevanssi_related_not_related":"","_relevanssi_related_posts":"","_relevanssi_noindex_reason":"","footnotes":""},"categories":[212],"tags":[216,238],"acf":[],"_links":{"self":[{"href":"https:\/\/www.ohada.org\/pt-pt\/wp-json\/wp\/v2\/posts\/21201"}],"collection":[{"href":"https:\/\/www.ohada.org\/pt-pt\/wp-json\/wp\/v2\/posts"}],"about":[{"href":"https:\/\/www.ohada.org\/pt-pt\/wp-json\/wp\/v2\/types\/post"}],"author":[{"embeddable":true,"href":"https:\/\/www.ohada.org\/pt-pt\/wp-json\/wp\/v2\/users\/3"}],"replies":[{"embeddable":true,"href":"https:\/\/www.ohada.org\/pt-pt\/wp-json\/wp\/v2\/comments?post=21201"}],"version-history":[{"count":2,"href":"https:\/\/www.ohada.org\/pt-pt\/wp-json\/wp\/v2\/posts\/21201\/revisions"}],"predecessor-version":[{"id":28113,"href":"https:\/\/www.ohada.org\/pt-pt\/wp-json\/wp\/v2\/posts\/21201\/revisions\/28113"}],"wp:attachment":[{"href":"https:\/\/www.ohada.org\/pt-pt\/wp-json\/wp\/v2\/media?parent=21201"}],"wp:term":[{"taxonomy":"category","embeddable":true,"href":"https:\/\/www.ohada.org\/pt-pt\/wp-json\/wp\/v2\/categories?post=21201"},{"taxonomy":"post_tag","embeddable":true,"href":"https:\/\/www.ohada.org\/pt-pt\/wp-json\/wp\/v2\/tags?post=21201"}],"curies":[{"name":"wp","href":"https:\/\/api.w.org\/{rel}","templated":true}]}}