{"id":21278,"date":"2020-08-09T13:33:00","date_gmt":"2020-08-09T11:33:00","guid":{"rendered":"https:\/\/www.ohada.org\/comunicado-matinee-ersuma-formacao-em-linha-2\/"},"modified":"2020-11-04T17:36:46","modified_gmt":"2020-11-04T16:36:46","slug":"comunicado-matinee-ersuma-formacao-em-linha-2","status":"publish","type":"post","link":"https:\/\/www.ohada.org\/pt-pt\/comunicado-matinee-ersuma-formacao-em-linha-2\/","title":{"rendered":"COMUNICADO \/ MATIN\u00c9E ERSUMA-FORMA\u00c7\u00c3O EM LINHA"},"content":{"rendered":"<p><!-- VideographyWP Plugin Message: Automatic video embedding prevented by plugin options. --><\/p>\n<p style=\"text-align: justify;\">A Escola Regional Superior da Magistratura&nbsp;<strong>(ERSUMA)<\/strong>&nbsp;da Organiza\u00e7\u00e3o para a Harmoniza\u00e7\u00e3o em \u00c1frica do Direito dos Neg\u00f3cios<strong>&nbsp;(OHADA)<\/strong>, organiza a sua 10\u00aa manh\u00e3 (matin\u00e9e) de forma\u00e7\u00e3o onerosa via Zoom, na quinta-feira, 20 de Agosto de 2020, das 10H00 \u00e0s 13H00 (GMT) sob o tema:&nbsp;<strong>&#8221; Reestrutura\u00e7\u00e3o das empresas para fazer face \u00e0 COVID-19 : aspetos jur\u00eddicos e contabil\u00edsticos &#8220;<\/strong>.<br \/>\nEsta forma\u00e7\u00e3o faz parte de uma vasta campanha empreendida pela ERSUMA e que visa sensibilizar e formar os profissionais e as empresas sobre os desafios institucionais, jur\u00eddicos, judiciais e econ\u00f3micos ligados \u00e0 pandemia nos Estados membros da OHADA.<\/p>\n<p style=\"text-align: justify;\">Sob a modera\u00e7\u00e3o do Sr.&nbsp;<strong>Karel Osiris Coffi DOGUE<\/strong>, Doutor em Direito, Diretor de Estudos da ERSUMA, a confer\u00eancia ser\u00e1 animada pelos seguintes intervenientes :<\/p>\n<ul style=\"text-align: justify;\">\n<li><strong>Prof. Mayatta Ndiaye MBAYE<\/strong>, Professor Associado de Faculdades de Direito, Diretor Geral de l\u2019ERSUMA&nbsp;;<\/li>\n<li><strong>Prof Robert NEMEDEU<\/strong>, Professor Associado de Faculdades de Direito, Professor da Universidade Yaound\u00e9 II, Camar\u00f5es ;<\/li>\n<li><strong>M. Abdoulaye DRAME<\/strong>, Perito-Contabilista Diplomado de Estado (Fran\u00e7a), Auditor de contas, Perito Judicial, Diretor do Gabinete Abdoulaye DRAME&nbsp;;<\/li>\n<li><strong>Sr. Epiphane Okouma KOUDESSI<\/strong>, Perito-Contabilista Diplomado (B\u00e9nin\/Togo), ), Auditor de contas, Perito Judicial, Diretor Associado do Gabinete Benaudit Consultex.<\/li>\n<\/ul>\n<blockquote>\n<p style=\"text-align: justify;\"><strong>C\u00f3digo da forma\u00e7\u00e3o<\/strong>: ERS-Web10<br \/>\n<strong>Data e hor\u00e1rio<\/strong>: Quinta-feira,20 de Agosto de 2020 das 10h00 \u00e0s 13h00 (GMT)<br \/>\n<strong>Abertura da sala virtual<\/strong>: \u00e0 partir das 09h00 (GMT)<br \/>\n<strong>Custo<\/strong>: 30.000 FCFA<br \/>\n<strong>P\u00fablico-alvo<\/strong>: Not\u00e1rios, advogados, magistrados, juristas de empresas, administradores de empresas, gerentes e operadores econ\u00f4micos, peritos-contabilistas e contabilistas, auditores, diretores de contabilidade e financeiros, diretores administrativos e financeiros, contabilistas-chefe, agentes contabilistas, controladores de gest\u00e3o, funcion\u00e1rios servi\u00e7os contabil\u00edsticos, financeiros, fiscalistas e acad\u00eamicos.<\/p>\n<\/blockquote>\n<p style=\"text-align: justify;\"><strong>INSCRI\u00c7\u00c3O E PARTICIPA\u00c7\u00c3O \/ ZOOM<\/strong><\/p>\n<p>Para se inscrever&nbsp;:<\/p>\n<ul>\n<li>preencha o formul\u00e1rio de inscri\u00e7\u00e3o em linha atrav\u00e9s da liga\u00e7\u00e3o (link) abaixo&nbsp;:<\/li>\n<\/ul>\n<p style=\"text-align: justify;\"><a href=\"https:\/\/forms.office.com\/Pages\/ResponsePage.aspx?id=OJ_6HvSu8kWKoxdvGhXZpWswCavK8ExArbmRYvXoIaZUNVhGN1E4SVVSWlZWRDk0SDUyUk1QWFlVOS4u\">https:\/\/forms.office.com\/Pages\/ResponsePage.aspx?id=OJ_6HvSu8kWKoxdvGhXZpWswCavK8ExArbmRYvXoIaZUNVhGN1E4SVVSWlZWRDk0SDUyUk1QWFlVOS4u<\/a>&nbsp;;<\/p>\n<ul>\n<li style=\"text-align: justify;\">Transferir o custo da forma\u00e7\u00e3o no valor de 30.000 FCFA atrav\u00e9s da Western Union, MoneyGram ou Ecobank Rapid Transfert&nbsp;;<\/li>\n<li style=\"text-align: justify;\">Enviar o tal\u00e3o de pagamento pelos endere\u00e7os :&nbsp;<a href=\"mailto:gaffan.ersuma@ohada.org\">gaffan.ersuma@ohada.org<\/a>&nbsp; e&nbsp;<a href=\"mailto:ersuma@ohada.org\">ersuma@ohada.org<\/a>&nbsp; para poder receber a i<span style=\"color: #ff0000;\"><strong>dentifica\u00e7\u00e3o, a palavra passe da conex\u00e3o e as outras informa\u00e7\u00f5es de participa\u00e7\u00e3o.<\/strong><\/span><\/li>\n<\/ul>\n<p style=\"text-align: justify;\"><span style=\"color: #ff0000;\"><strong>Se tiver quaisquer dificuldades t\u00e9cnicas, contactar Sr. Luc Yessoufou KOSSOKO:<\/strong><\/span><\/p>\n<p style=\"text-align: justify;\">Telefone\/WhatsApp :&nbsp;<strong>+229 95561988<\/strong>&nbsp;<br \/>\nE-mail :&nbsp;<a href=\"mailto:kossoko.ersuma@ohada.org\">kossoko.ersuma@ohada.org&nbsp;<\/a><\/p>\n<p style=\"text-align: justify;\"><span style=\"color: #ff0000;\"><strong>NB&nbsp;:A sess\u00e3o ser\u00e1 sancionada por um certificado de forma\u00e7\u00e3o<\/strong><\/span><\/p>\n<p style=\"text-align: justify;\">A ERSUMA conta com a sua participa\u00e7\u00e3o efetiva e agradece-lhe pela sua confian\u00e7a e colabora\u00e7\u00e3o.<\/p>\n<p style=\"text-align: center;\"><span style=\"color: #3366ff;\"><strong>&#8220;AERSUMA, para uma norma de direito efetiva, eficaz e eficiente&#8221;<\/strong><\/span><\/p>\n","protected":false},"excerpt":{"rendered":"<p>A Escola Regional Superior da Magistratura&nbsp;(ERSUMA)&nbsp;da Organiza\u00e7\u00e3o para a Harmoniza\u00e7\u00e3o em \u00c1frica do Direito dos Neg\u00f3cios&nbsp;(OHADA), organiza a sua 10\u00aa manh\u00e3 (matin\u00e9e) de forma\u00e7\u00e3o onerosa via Zoom, na quinta-feira, 20 de Agosto de 2020, das 10H00 \u00e0s 13H00 (GMT) sob o tema:&nbsp;&#8221; Reestrutura\u00e7\u00e3o das empresas para fazer face \u00e0 COVID-19 : aspetos jur\u00eddicos e contabil\u00edsticos [&hellip;]<\/p>\n","protected":false},"author":3,"featured_media":24732,"comment_status":"closed","ping_status":"closed","sticky":false,"template":"","format":"standard","meta":{"_relevanssi_hide_post":"","_relevanssi_hide_content":"","_relevanssi_pin_for_all":"","_relevanssi_pin_keywords":"","_relevanssi_unpin_keywords":"","_relevanssi_related_keywords":"","_relevanssi_related_include_ids":"","_relevanssi_related_exclude_ids":"","_relevanssi_related_no_append":"","_relevanssi_related_not_related":"","_relevanssi_related_posts":"","_relevanssi_noindex_reason":"","footnotes":""},"categories":[212],"tags":[225,213,233,216,227,234],"acf":[],"_links":{"self":[{"href":"https:\/\/www.ohada.org\/pt-pt\/wp-json\/wp\/v2\/posts\/21278"}],"collection":[{"href":"https:\/\/www.ohada.org\/pt-pt\/wp-json\/wp\/v2\/posts"}],"about":[{"href":"https:\/\/www.ohada.org\/pt-pt\/wp-json\/wp\/v2\/types\/post"}],"author":[{"embeddable":true,"href":"https:\/\/www.ohada.org\/pt-pt\/wp-json\/wp\/v2\/users\/3"}],"replies":[{"embeddable":true,"href":"https:\/\/www.ohada.org\/pt-pt\/wp-json\/wp\/v2\/comments?post=21278"}],"version-history":[{"count":2,"href":"https:\/\/www.ohada.org\/pt-pt\/wp-json\/wp\/v2\/posts\/21278\/revisions"}],"predecessor-version":[{"id":28131,"href":"https:\/\/www.ohada.org\/pt-pt\/wp-json\/wp\/v2\/posts\/21278\/revisions\/28131"}],"wp:featuredmedia":[{"embeddable":true,"href":"https:\/\/www.ohada.org\/pt-pt\/wp-json\/wp\/v2\/media\/24732"}],"wp:attachment":[{"href":"https:\/\/www.ohada.org\/pt-pt\/wp-json\/wp\/v2\/media?parent=21278"}],"wp:term":[{"taxonomy":"category","embeddable":true,"href":"https:\/\/www.ohada.org\/pt-pt\/wp-json\/wp\/v2\/categories?post=21278"},{"taxonomy":"post_tag","embeddable":true,"href":"https:\/\/www.ohada.org\/pt-pt\/wp-json\/wp\/v2\/tags?post=21278"}],"curies":[{"name":"wp","href":"https:\/\/api.w.org\/{rel}","templated":true}]}}