{"id":21382,"date":"2020-07-12T15:09:02","date_gmt":"2020-07-12T13:09:02","guid":{"rendered":"https:\/\/www.ohada.org\/comunicado-matinee-ersuma-formacao-em-linha-n7\/"},"modified":"2020-11-03T15:08:18","modified_gmt":"2020-11-03T14:08:18","slug":"comunicado-matinee-ersuma-formacao-em-linha-n7","status":"publish","type":"post","link":"https:\/\/www.ohada.org\/pt-pt\/comunicado-matinee-ersuma-formacao-em-linha-n7\/","title":{"rendered":"COMUNICADO \/ MATIN\u00c9E ERSUMA-FORMA\u00c7\u00c3O EM LINHA N\u00b07"},"content":{"rendered":"<!-- VideographyWP Plugin Message: Automatic video embedding prevented by plugin options. -->\n<p style=\"text-align: justify;\">A Escola Regional Superior da Magistratura\u00a0<strong>(ERSUMA)<\/strong>\u00a0da Organiza\u00e7\u00e3o para a Harmoniza\u00e7\u00e3o do Direito dos Neg\u00f3cios em \u00c1frica (OHADA), organiza a 7\u00aa manh\u00e3 (matin\u00e9e) de forma\u00e7\u00e3o gratu\u00edta via<span style=\"color: #3366ff;\"><strong>\u00a0Zoom<\/strong><\/span>\u00a0, quinta-feira, 16 de Julho de 2020, das 10H00 \u00e0s 13H00 (GMT) sob o tema:<strong>\u00a0&#8220;COVID-19 e a salvaguarda das empresas do espa\u00e7o OHADA&#8221;<\/strong>.<\/p>\n<p style=\"text-align: justify;\">Esta confer\u00eancia faz parte de uma vasta campanha empreendida pela ERSUMA visando sensibilizar os profissionais e as empresas sobre os desafios institucionais, jur\u00eddicos, judiciais e econ\u00f3micos ligados \u00e0 pandemia nos Estados membros da OHADA.<\/p>\n<p style=\"text-align: justify;\">Sob a modera\u00e7\u00e3o do\u00a0<strong>Sr. Karel Osiris Coffi DOGUE<\/strong>, Doutor em Direito, Diretor de Estudos da ERSUMA, a confer\u00eancia ser\u00e1 animada conforme a seguinte ordem por:<\/p>\n<p style=\"text-align: center;\"><strong>Eixo 1: As medidas comunit\u00e1rias e estatais de apoio \u00e0s empresas face \u00e0 crise econ\u00f3mica ligada \u00e0 COVID-19<\/strong><\/p>\n<blockquote>\n<p style=\"text-align: justify;\"><span style=\"text-decoration: underline;\">Interveniente 1<\/span>\u00a0:\u00a0<strong>Prof. Robert NEMEDEU<\/strong>, Professor Associado das faculdades de direito, Professor na Universidade Yaound\u00e9 II, Camar\u00f5es ;\u00a0<br \/>\n<span style=\"text-decoration: underline;\">Interveniente 2<\/span>\u00a0:\u00a0<strong>Sr. Jean Paul NENDIGUI<\/strong>, Perito-contabilista, Presidente da Ordem Nacional dos Profissionais Contabilistas do Tchad (ONPCT) ;<br \/>\n<span style=\"text-decoration: underline;\">Interveniente 3<\/span>\u00a0:\u00a0<strong>Sr. Andr\u00e9 FOKO TOMENA<\/strong>, Perito-Contabilista, Presidente da Comiss\u00e3o de Normaliza\u00e7\u00e3o Contabil\u00edstica (CNC), Membro da Ordem Nacional dos Peritos Contabilistas (ONEC) da RDC, S\u00f3cio-Gerente da AFT Consulting e Associados SARL.<\/p>\n<\/blockquote>\n<p style=\"text-align: center;\"><strong>Eixo 2\u00a0: Os processos coletivos de apuramento do passivo face ao desafio da la COVID-19<\/strong><\/p>\n<blockquote>\n<p style=\"text-align: justify;\"><span style=\"text-decoration: underline;\">Interveniente 3<\/span>\u00a0:\u00a0<strong>Pr Filiga Michel SAWADOGO<\/strong>, Professor Associado das faculdades de direito, Professor titular, Ex-Reitor, Antigo DG Impostos, Ex-Ministro, Ex-Membro du Conselho constitucional, Comiss\u00e1rio da Uni\u00e3o Econ\u00f3mica e Monet\u00e1ria Oeste Africana (UEMOA) ;\u00a0<br \/>\n<span style=\"text-decoration: underline;\">Interveniente 4<\/span>\u00a0:\u00a0<strong>Pre Yvette Rachel KALIEU ELONGO<\/strong>, Professora Associada das faculdades de direito, Professora na Universidade de Dschang, Camar\u00f5es\u00a0;<br \/>\n<span style=\"text-decoration: underline;\">Interveniente 5<\/span>\u00a0:\u00a0<strong>Sr. Mounetaga DIOUF<\/strong>, Magistrado Jubilado, Doutor em Direito, Ju\u00edz do Tribunal Comum de Justi\u00e7a e de Arbitragem (CCJA)\u00a0;\u00a0<br \/>\n<span style=\"text-decoration: underline;\">Interveniente 6<\/span>\u00a0:\u00a0<strong>Me Mamadou Isma\u00efla KONATE<\/strong>, Advogado associado JURIFIS Consult, Mali &amp; Paris, Ex- Ministro da Justi\u00e7a do Mali.<\/p>\n<p><strong>Data e hor\u00e1rio\u00a0<\/strong>: quinta-feira, 16 de Julho de 2020 das 10h00 \u00e0s 13h00 (GMT)<br \/>\n<strong>Abertura da sala virtual<\/strong>\u00a0: \u00e0 partir das 09h00 (GMT))<br \/>\n<strong>Custo<\/strong>\u00a0: Gratu\u00edto<br \/>\n<strong>P\u00fablico-alvo<\/strong>\u00a0: todos os interessados<\/p>\n<\/blockquote>\n<p style=\"text-align: justify;\"><strong>INSCRI\u00c7\u00c3O E PARTICIPA\u00c7\u00c3O \/ ZOOM<\/strong><\/p>\n<ul>\n<li style=\"text-align: justify;\">Para se inscrever\u00a0: preencha o formul\u00e1rio de inscri\u00e7\u00e3o em linha atrav\u00e9s da liga\u00e7\u00e3o abaixo\u00a0:<\/li>\n<\/ul>\n<p style=\"text-align: justify;\"><a href=\"https:\/\/forms.office.com\/Pages\/ResponsePage.aspx?id=OJ_6HvSu8kWKoxdvGhXZpWswCavK8ExArbmRYvXoIaZUNzlKQlMyTlBESzk2Q1lSTEpHSjlTOTFVTS4u\">https:\/\/forms.office.com\/Pages\/ResponsePage.aspx?id=OJ_6HvSu8kWKoxdvGhXZpWswCavK8ExArbmRYvXoIaZUNzlKQlMyTlBESzk2Q1lSTEpHSjlTOTFVTS4u<\/a><\/p>\n<ul>\n<li style=\"text-align: justify;\">Para participar \u00e0 partir de um Computador, Mac, iPad, iPhone ou aparelho Android<\/li>\n<\/ul>\n<p style=\"text-align: justify;\">Dispor de um computador\/tablette\/smartphone com altifalante e microfone\u00a0;\u00a0<br \/>\nTer uma boa conex\u00e3o Internet de pelo menos 4G fi\u00e1vel para uma boa qualidade de escuta\u00a0;\u00a0<br \/>\nClicar na URL para participar na confer\u00eancia\u00a0:\u00a0<br \/>\n<a href=\"https:\/\/ohada-org.zoom.us\/j\/84191342658?pwd=ZHdMWlNBbHR5UzJ4TUZyWmg3WG0wZz09\">https:\/\/ohada-org.zoom.us\/j\/84191342658?pwd=ZHdMWlNBbHR5UzJ4TUZyWmg3WG0wZz09\u00a0<\/a>\u00a0<br \/>\n<strong>ID : 841-9134-2658<\/strong><br \/>\n<strong>Palavra passe : 524416<\/strong><\/p>\n<ul>\n<li style=\"text-align: justify;\">Para preencher o formul\u00e1rio de avalia\u00e7\u00e3o em linha na sequ\u00eancia da sess\u00e3o, queira clicar na liga\u00e7\u00e3o \u00e0 seguir :<\/li>\n<\/ul>\n<p style=\"text-align: justify;\"><a href=\"https:\/\/forms.office.com\/Pages\/ResponsePage.aspx?id=OJ_6HvSu8kWKoxdvGhXZpWswCavK8ExArbmRYvXoIaZUMTlLVk1VNzRCQUNMT0o0S0QwOEtBTUlKUC4u\">https:\/\/forms.office.com\/Pages\/ResponsePage.aspx?id=OJ_6HvSu8kWKoxdvGhXZpWswCavK8ExArbmRYvXoIaZUMTlLVk1VNzRCQUNMT0o0S0QwOEtBTUlKUC4u<\/a><\/p>\n<p style=\"text-align: justify;\"><strong><span style=\"color: #993300;\">Para quaisquer dificuldades t\u00e9cnicas, contactar:<\/span><\/strong><br \/>\nTelefone\/WhatsApp :\u00a0<strong>+229 95561988<\/strong>\u00a0<br \/>\nE-mail :\u00a0<a href=\"mailto:kossoko.ersuma@ohada.org\">kossoko.ersuma@ohada.org\u00a0<\/a>\u00a0<br \/>\nA ERSUMA conta com a sua participa\u00e7\u00e3o efetiva e agradece-lhe pela sua confian\u00e7a e colabora\u00e7\u00e3o.<\/p>\n<p style=\"text-align: center;\"><span style=\"color: #3366ff;\"><strong>\u201cAERSUMA, para uma norma de direito efetiva, eficaz e eficiente\u201d.<\/strong><\/span><\/p>\n\n<p><\/p>\n","protected":false},"excerpt":{"rendered":"<p>A Escola Regional Superior da Magistratura\u00a0(ERSUMA)\u00a0da Organiza\u00e7\u00e3o para a Harmoniza\u00e7\u00e3o do Direito dos Neg\u00f3cios em \u00c1frica (OHADA), organiza a 7\u00aa manh\u00e3 (matin\u00e9e) de forma\u00e7\u00e3o gratu\u00edta via\u00a0Zoom\u00a0, quinta-feira, 16 de Julho de 2020, das 10H00 \u00e0s 13H00 (GMT) sob o tema:\u00a0&#8220;COVID-19 e a salvaguarda das empresas do espa\u00e7o OHADA&#8221;. Esta confer\u00eancia faz parte de uma vasta [&hellip;]<\/p>\n","protected":false},"author":3,"featured_media":0,"comment_status":"closed","ping_status":"closed","sticky":false,"template":"","format":"standard","meta":{"_relevanssi_hide_post":"","_relevanssi_hide_content":"","_relevanssi_pin_for_all":"","_relevanssi_pin_keywords":"","_relevanssi_unpin_keywords":"","_relevanssi_related_keywords":"","_relevanssi_related_include_ids":"","_relevanssi_related_exclude_ids":"","_relevanssi_related_no_append":"","_relevanssi_related_not_related":"","_relevanssi_related_posts":"","_relevanssi_noindex_reason":"","footnotes":""},"categories":[212],"tags":[225,213,233,216,227,234],"acf":[],"_links":{"self":[{"href":"https:\/\/www.ohada.org\/pt-pt\/wp-json\/wp\/v2\/posts\/21382"}],"collection":[{"href":"https:\/\/www.ohada.org\/pt-pt\/wp-json\/wp\/v2\/posts"}],"about":[{"href":"https:\/\/www.ohada.org\/pt-pt\/wp-json\/wp\/v2\/types\/post"}],"author":[{"embeddable":true,"href":"https:\/\/www.ohada.org\/pt-pt\/wp-json\/wp\/v2\/users\/3"}],"replies":[{"embeddable":true,"href":"https:\/\/www.ohada.org\/pt-pt\/wp-json\/wp\/v2\/comments?post=21382"}],"version-history":[{"count":2,"href":"https:\/\/www.ohada.org\/pt-pt\/wp-json\/wp\/v2\/posts\/21382\/revisions"}],"predecessor-version":[{"id":27076,"href":"https:\/\/www.ohada.org\/pt-pt\/wp-json\/wp\/v2\/posts\/21382\/revisions\/27076"}],"wp:attachment":[{"href":"https:\/\/www.ohada.org\/pt-pt\/wp-json\/wp\/v2\/media?parent=21382"}],"wp:term":[{"taxonomy":"category","embeddable":true,"href":"https:\/\/www.ohada.org\/pt-pt\/wp-json\/wp\/v2\/categories?post=21382"},{"taxonomy":"post_tag","embeddable":true,"href":"https:\/\/www.ohada.org\/pt-pt\/wp-json\/wp\/v2\/tags?post=21382"}],"curies":[{"name":"wp","href":"https:\/\/api.w.org\/{rel}","templated":true}]}}