{"id":22547,"date":"2017-04-10T10:01:29","date_gmt":"2017-04-10T08:01:29","guid":{"rendered":"https:\/\/www.ohada.org\/workshop-sub-regional-de-formacao-de-formadores-em-abidjan-cote-divoire-sobre-o-novo-acto-uniforme-relativo-ao-direito-contabilistico-e-informacao-financeira\/"},"modified":"2020-11-05T15:12:48","modified_gmt":"2020-11-05T14:12:48","slug":"workshop-sub-regional-de-formacao-de-formadores-em-abidjan-cote-divoire-sobre-o-novo-acto-uniforme-relativo-ao-direito-contabilistico-e-informacao-financeira","status":"publish","type":"post","link":"https:\/\/www.ohada.org\/pt-pt\/workshop-sub-regional-de-formacao-de-formadores-em-abidjan-cote-divoire-sobre-o-novo-acto-uniforme-relativo-ao-direito-contabilistico-e-informacao-financeira\/","title":{"rendered":"Workshop sub-regional de forma\u00e7\u00e3o de formadores em Abidjan (C\u00f4te d&#8217;Ivoire) sobre o novo Acto Uniforme relativo ao direito contabil\u00edstico e informa\u00e7\u00e3o financeira."},"content":{"rendered":"<p><!-- VideographyWP Plugin Message: Automatic video embedding prevented by plugin options. --><br \/>\n<img loading=\"lazy\" decoding=\"async\" class=\" alignright size-full wp-image-10005\" src=\"http:\/\/nwp.ohada.org\/ohd1\/wp-content\/uploads\/2017\/04\/images_capture-abidjan.PNG\" alt=\"\" width=\"300\" height=\"184\" align=\"right\"><\/p>\n<p style=\"text-align: justify;\"><strong>A vers\u00e3o em Portugu\u00eas da p\u00e1gina estar\u00e1 dispon\u00edvel em breve<\/strong><\/p>\n<p style=\"text-align: justify;\">Le Secr\u00e9tariat Permanent de l&#8217;OHADA organise, sur financement du Groupe de la Banque Mondiale (PACI-OHADA), du 26 au 29 avril 2017, Abidjan (C\u00f4te d&#8217;Ivoire) un Atelier sous-r\u00e9gional de formation des formateurs sur le nouvel Acte Uniforme relatif au Droit Comptable et \u00e0 l&#8217;Information Financi\u00e8re (AUDCIF).<\/p>\n","protected":false},"excerpt":{"rendered":"<p>A vers\u00e3o em Portugu\u00eas da p\u00e1gina estar\u00e1 dispon\u00edvel em breve Le Secr\u00e9tariat Permanent de l&#8217;OHADA organise, sur financement du Groupe de la Banque Mondiale (PACI-OHADA), du 26 au 29 avril 2017, Abidjan (C\u00f4te d&#8217;Ivoire) un Atelier sous-r\u00e9gional de formation des formateurs sur le nouvel Acte Uniforme relatif au Droit Comptable et \u00e0 l&#8217;Information Financi\u00e8re (AUDCIF).<\/p>\n","protected":false},"author":6,"featured_media":10005,"comment_status":"open","ping_status":"closed","sticky":false,"template":"","format":"standard","meta":{"_relevanssi_hide_post":"","_relevanssi_hide_content":"","_relevanssi_pin_for_all":"","_relevanssi_pin_keywords":"","_relevanssi_unpin_keywords":"","_relevanssi_related_keywords":"","_relevanssi_related_include_ids":"","_relevanssi_related_exclude_ids":"","_relevanssi_related_no_append":"","_relevanssi_related_not_related":"","_relevanssi_related_posts":"","_relevanssi_noindex_reason":"","footnotes":""},"categories":[310],"tags":[],"acf":[],"_links":{"self":[{"href":"https:\/\/www.ohada.org\/pt-pt\/wp-json\/wp\/v2\/posts\/22547"}],"collection":[{"href":"https:\/\/www.ohada.org\/pt-pt\/wp-json\/wp\/v2\/posts"}],"about":[{"href":"https:\/\/www.ohada.org\/pt-pt\/wp-json\/wp\/v2\/types\/post"}],"author":[{"embeddable":true,"href":"https:\/\/www.ohada.org\/pt-pt\/wp-json\/wp\/v2\/users\/6"}],"replies":[{"embeddable":true,"href":"https:\/\/www.ohada.org\/pt-pt\/wp-json\/wp\/v2\/comments?post=22547"}],"version-history":[{"count":1,"href":"https:\/\/www.ohada.org\/pt-pt\/wp-json\/wp\/v2\/posts\/22547\/revisions"}],"predecessor-version":[{"id":28226,"href":"https:\/\/www.ohada.org\/pt-pt\/wp-json\/wp\/v2\/posts\/22547\/revisions\/28226"}],"wp:featuredmedia":[{"embeddable":true,"href":"https:\/\/www.ohada.org\/pt-pt\/wp-json\/wp\/v2\/media\/10005"}],"wp:attachment":[{"href":"https:\/\/www.ohada.org\/pt-pt\/wp-json\/wp\/v2\/media?parent=22547"}],"wp:term":[{"taxonomy":"category","embeddable":true,"href":"https:\/\/www.ohada.org\/pt-pt\/wp-json\/wp\/v2\/categories?post=22547"},{"taxonomy":"post_tag","embeddable":true,"href":"https:\/\/www.ohada.org\/pt-pt\/wp-json\/wp\/v2\/tags?post=22547"}],"curies":[{"name":"wp","href":"https:\/\/api.w.org\/{rel}","templated":true}]}}