{"id":28444,"date":"2020-11-03T18:46:05","date_gmt":"2020-11-03T17:46:05","guid":{"rendered":"https:\/\/www.ohada.org\/ohada-em-destaque-no-forum-da-diaspora-africana-7-de-novembro-das-9h00-as-18h00\/"},"modified":"2020-11-06T13:02:39","modified_gmt":"2020-11-06T12:02:39","slug":"ohada-em-destaque-no-forum-da-diaspora-africana-7-de-novembro-das-9h00-as-18h00","status":"publish","type":"post","link":"https:\/\/www.ohada.org\/pt-pt\/ohada-em-destaque-no-forum-da-diaspora-africana-7-de-novembro-das-9h00-as-18h00\/","title":{"rendered":"OHADA em destaque no F\u00f3rum da Di\u00e1spora Africana, 7 de novembro das 9h00 \u00e0s 18h00"},"content":{"rendered":"<!-- VideographyWP Plugin Message: Automatic video embedding prevented by plugin options. -->\n<p id=\"tw-target-text\" class=\"tw-data-text tw-text-large XcVN5d tw-ta\" dir=\"ltr\" data-placeholder=\"Traduction\"><strong><span lang=\"pt\">A vers\u00e3o em portugu\u00eas deste conte\u00fado estar\u00e1 dispon\u00edvel em breve.<\/span><\/strong><\/p>\n<p>La Fondation pour le droit continental, partenaire du Forum des diasporas africaines, vous propose de suivre deux s\u00e9quences qu&#8217;elle organise sur le droit OHADA :<\/p>\n<ul>\n<li>Retrouvez <strong>Emmanuel Sibidi Darankoum<\/strong>, secr\u00e9taire permanent de l&#8217;OHADA, lors de la pl\u00e9ni\u00e8re institutionnelle (10h\u00a0&#8211;\u00a011h30)<\/li>\n<li>Suivez le Talk sur le th\u00e8me\u00a0: <strong>\u00ab\u00a0L&#8217;harmonisation en Afrique du droit des affaires\u00a0: une cl\u00e9 du d\u00e9veloppement\u00a0\u00bb<\/strong> (13h\u00a0&#8211;\u00a013h30)<\/li>\n<\/ul>\n<p>Pour participer \u00e0 l&#8217;\u00e9v\u00e9nement, inscrivez-vous sur le site <a href=\"https:\/\/forumdesdiasporas.com\/\" target=\"_blank\" rel=\"noreferrer noopener\">www.forumdesdiasporas.com<\/a>.<\/p>\n<p>Pour toute information compl\u00e9mentaire, veuillez contacter :<\/p>\n<p><strong data-rich-text-format-boundary=\"true\">Marine Salmon<\/strong><br data-rich-text-line-break=\"true\" \/><br \/>\nEmail\u00a0: <a href=\"mailto:msalmon@onetwotwo.com\">msalmon@onetwotwo.com<\/a><br data-rich-text-line-break=\"true\" \/><br \/>\n<a href=\"https:\/\/www.facebook.com\/FDDA2020\" target=\"_blank\" rel=\"noreferrer noopener\">Forum des Diasporas Africaines | Facebook<\/a>\u00a0\u2022\u00a0<a href=\"https:\/\/twitter.com\/FDDA2020\" target=\"_blank\" rel=\"noreferrer noopener\">Forum des Diasporas Africaines (@FDDA2020) | Twitter<\/a><br data-rich-text-line-break=\"true\" \/><br \/>\n<a href=\"https:\/\/www.facebook.com\/FondationPourLeDroitContinental\/\" target=\"_blank\" rel=\"noreferrer noopener\">Fondation pour le droit continental | Facebook<\/a>\u00a0\u2022\u00a0<a href=\"https:\/\/twitter.com\/FDContinental\" target=\"_blank\" rel=\"noreferrer noopener\">Fondation pour le droit continental (@FDContinental) | Twitter<\/a><\/p>\n\n<p><\/p>\n","protected":false},"excerpt":{"rendered":"<p>OHADA em destaque no F\u00f3rum da Di\u00e1spora Africana,<br \/>\num evento 100% digital, s\u00e1bado, 7 de novembro, das 9h \u00e0s 18h (hor\u00e1rio de Paris)<\/p>\n","protected":false},"author":4,"featured_media":28323,"comment_status":"open","ping_status":"closed","sticky":false,"template":"","format":"standard","meta":{"_relevanssi_hide_post":"","_relevanssi_hide_content":"","_relevanssi_pin_for_all":"","_relevanssi_pin_keywords":"","_relevanssi_unpin_keywords":"","_relevanssi_related_keywords":"","_relevanssi_related_include_ids":"","_relevanssi_related_exclude_ids":"","_relevanssi_related_no_append":"","_relevanssi_related_not_related":"","_relevanssi_related_posts":"","_relevanssi_noindex_reason":"","footnotes":""},"categories":[212],"tags":[216],"acf":[],"_links":{"self":[{"href":"https:\/\/www.ohada.org\/pt-pt\/wp-json\/wp\/v2\/posts\/28444"}],"collection":[{"href":"https:\/\/www.ohada.org\/pt-pt\/wp-json\/wp\/v2\/posts"}],"about":[{"href":"https:\/\/www.ohada.org\/pt-pt\/wp-json\/wp\/v2\/types\/post"}],"author":[{"embeddable":true,"href":"https:\/\/www.ohada.org\/pt-pt\/wp-json\/wp\/v2\/users\/4"}],"replies":[{"embeddable":true,"href":"https:\/\/www.ohada.org\/pt-pt\/wp-json\/wp\/v2\/comments?post=28444"}],"version-history":[{"count":2,"href":"https:\/\/www.ohada.org\/pt-pt\/wp-json\/wp\/v2\/posts\/28444\/revisions"}],"predecessor-version":[{"id":28459,"href":"https:\/\/www.ohada.org\/pt-pt\/wp-json\/wp\/v2\/posts\/28444\/revisions\/28459"}],"wp:featuredmedia":[{"embeddable":true,"href":"https:\/\/www.ohada.org\/pt-pt\/wp-json\/wp\/v2\/media\/28323"}],"wp:attachment":[{"href":"https:\/\/www.ohada.org\/pt-pt\/wp-json\/wp\/v2\/media?parent=28444"}],"wp:term":[{"taxonomy":"category","embeddable":true,"href":"https:\/\/www.ohada.org\/pt-pt\/wp-json\/wp\/v2\/categories?post=28444"},{"taxonomy":"post_tag","embeddable":true,"href":"https:\/\/www.ohada.org\/pt-pt\/wp-json\/wp\/v2\/tags?post=28444"}],"curies":[{"name":"wp","href":"https:\/\/api.w.org\/{rel}","templated":true}]}}