{"id":37687,"date":"2023-11-30T14:29:55","date_gmt":"2023-11-30T13:29:55","guid":{"rendered":"https:\/\/www.ohada.org\/?p=37687"},"modified":"2023-11-30T15:12:42","modified_gmt":"2023-11-30T14:12:42","slug":"o-secretario-permanente-recebido-em-audiencia-pela-ministra-da-justica-do-senegal","status":"publish","type":"post","link":"https:\/\/www.ohada.org\/pt-pt\/o-secretario-permanente-recebido-em-audiencia-pela-ministra-da-justica-do-senegal\/","title":{"rendered":"O Secret\u00e1rio Permanente recebido em audi\u00eancia pela Ministra da Justi\u00e7a do Senegal"},"content":{"rendered":"<p><!-- VideographyWP Plugin Message: Automatic video embedding prevented by plugin options. --><\/p>\n<p style=\"font-weight: 400; text-align: justify;\"><em>No dia 17 de Novembro de 2023,<strong> S.E. Sra A\u00efssata TALL SAL, <\/strong>Guardi\u00e3 dos Selos, Ministra da Justi\u00e7a do Senegal, recebeu em audi\u00eancia a<strong> Professora Mayatta Ndiaye MBAYE, <\/strong>Secret\u00e1rio Permanente da OHADA, na presen\u00e7a da Sra. <\/em><strong><em><span data-ogsc=\"black\">H\u00e9l\u00e8ne SARR CAMARA, <\/span><\/em><\/strong><em><span data-ogsc=\"black\">Secret\u00e1ria Executiva<\/span><\/em><em> da Comiss\u00e3o Nacional OHADA da Rep\u00fablica do Senegal.<\/em><\/p>\n<p style=\"font-weight: 400; text-align: justify;\"><em>As discuss\u00f5es centraram-se em diversos assuntos de interesse para a vida da Organiza\u00e7\u00e3o. O lugar not\u00e1vel do Senegal e das suas autoridades na cria\u00e7\u00e3o e modela\u00e7\u00e3o da Organiza\u00e7\u00e3o, os principais projectos e dossiers a seguir, o roteiro para o pr\u00f3ximo mandato do Senegal na presid\u00eancia da OHADA e a passa\u00e7\u00e3o de fun\u00e7\u00f5es preencheram, entre outras coisas, as discuss\u00f5es entre as duas personalidades.<\/em><\/p>\n<p style=\"font-weight: 400; text-align: justify;\"><em>\u00c9 o momento para recordar que depois da Rep\u00fablica Democr\u00e1tica do Congo, que presidiu aos destinos da OHADA durante o ano de 2023, o Senegal herdar\u00e1 a presid\u00eancia da Organiza\u00e7\u00e3o durante o ano de 2024.<\/em><\/p>\n<div id='gallery-1' class='gallery galleryid-37687 gallery-columns-2 gallery-size-full'><figure class='gallery-item'>\n\t\t\t<div class='gallery-icon landscape'>\n\t\t\t\t<a href='https:\/\/www.ohada.org\/wp-content\/uploads\/2023\/11\/WhatsApp-Image-2023-11-30-at-14.22.41.jpeg'><img loading=\"lazy\" decoding=\"async\" width=\"720\" height=\"480\" src=\"https:\/\/www.ohada.org\/wp-content\/uploads\/2023\/11\/WhatsApp-Image-2023-11-30-at-14.22.41.jpeg\" class=\"attachment-full size-full\" alt=\"\" srcset=\"https:\/\/www.ohada.org\/wp-content\/uploads\/2023\/11\/WhatsApp-Image-2023-11-30-at-14.22.41.jpeg 720w, https:\/\/www.ohada.org\/wp-content\/uploads\/2023\/11\/WhatsApp-Image-2023-11-30-at-14.22.41-300x200.jpeg 300w\" sizes=\"(max-width: 720px) 100vw, 720px\" \/><\/a>\n\t\t\t<\/div><\/figure><figure class='gallery-item'>\n\t\t\t<div class='gallery-icon landscape'>\n\t\t\t\t<a href='https:\/\/www.ohada.org\/wp-content\/uploads\/2023\/11\/WhatsApp-Image-2023-11-30-at-14.22.40.jpeg'><img loading=\"lazy\" decoding=\"async\" width=\"720\" height=\"466\" src=\"https:\/\/www.ohada.org\/wp-content\/uploads\/2023\/11\/WhatsApp-Image-2023-11-30-at-14.22.40.jpeg\" class=\"attachment-full size-full\" alt=\"\" srcset=\"https:\/\/www.ohada.org\/wp-content\/uploads\/2023\/11\/WhatsApp-Image-2023-11-30-at-14.22.40.jpeg 720w, https:\/\/www.ohada.org\/wp-content\/uploads\/2023\/11\/WhatsApp-Image-2023-11-30-at-14.22.40-300x194.jpeg 300w\" sizes=\"(max-width: 720px) 100vw, 720px\" \/><\/a>\n\t\t\t<\/div><\/figure>\n\t\t<\/div>\n\n","protected":false},"excerpt":{"rendered":"<p>No dia 17 de Novembro de 2023, S.E. Sra A\u00efssata TALL SAL, Guardi\u00e3 dos Selos, Ministra da Justi\u00e7a do Senegal, recebeu em audi\u00eancia a Professora Mayatta Ndiaye MBAYE, Secret\u00e1rio Permanente da OHADA, na presen\u00e7a da Sra. H\u00e9l\u00e8ne SARR CAMARA, Secret\u00e1ria Executiva da Comiss\u00e3o Nacional OHADA da Rep\u00fablica do Senegal. As discuss\u00f5es centraram-se em diversos assuntos [&hellip;]<\/p>\n","protected":false},"author":12,"featured_media":37680,"comment_status":"closed","ping_status":"closed","sticky":false,"template":"","format":"standard","meta":{"_relevanssi_hide_post":"","_relevanssi_hide_content":"","_relevanssi_pin_for_all":"","_relevanssi_pin_keywords":"","_relevanssi_unpin_keywords":"","_relevanssi_related_keywords":"","_relevanssi_related_include_ids":"","_relevanssi_related_exclude_ids":"","_relevanssi_related_no_append":"","_relevanssi_related_not_related":"","_relevanssi_related_posts":"","_relevanssi_noindex_reason":"","footnotes":""},"categories":[31,212,441],"tags":[],"acf":[],"_links":{"self":[{"href":"https:\/\/www.ohada.org\/pt-pt\/wp-json\/wp\/v2\/posts\/37687"}],"collection":[{"href":"https:\/\/www.ohada.org\/pt-pt\/wp-json\/wp\/v2\/posts"}],"about":[{"href":"https:\/\/www.ohada.org\/pt-pt\/wp-json\/wp\/v2\/types\/post"}],"author":[{"embeddable":true,"href":"https:\/\/www.ohada.org\/pt-pt\/wp-json\/wp\/v2\/users\/12"}],"replies":[{"embeddable":true,"href":"https:\/\/www.ohada.org\/pt-pt\/wp-json\/wp\/v2\/comments?post=37687"}],"version-history":[{"count":3,"href":"https:\/\/www.ohada.org\/pt-pt\/wp-json\/wp\/v2\/posts\/37687\/revisions"}],"predecessor-version":[{"id":37690,"href":"https:\/\/www.ohada.org\/pt-pt\/wp-json\/wp\/v2\/posts\/37687\/revisions\/37690"}],"wp:featuredmedia":[{"embeddable":true,"href":"https:\/\/www.ohada.org\/pt-pt\/wp-json\/wp\/v2\/media\/37680"}],"wp:attachment":[{"href":"https:\/\/www.ohada.org\/pt-pt\/wp-json\/wp\/v2\/media?parent=37687"}],"wp:term":[{"taxonomy":"category","embeddable":true,"href":"https:\/\/www.ohada.org\/pt-pt\/wp-json\/wp\/v2\/categories?post=37687"},{"taxonomy":"post_tag","embeddable":true,"href":"https:\/\/www.ohada.org\/pt-pt\/wp-json\/wp\/v2\/tags?post=37687"}],"curies":[{"name":"wp","href":"https:\/\/api.w.org\/{rel}","templated":true}]}}