{"id":45398,"date":"2026-02-24T13:11:06","date_gmt":"2026-02-24T12:11:06","guid":{"rendered":"https:\/\/www.ohada.org\/?p=45398"},"modified":"2026-02-24T14:52:54","modified_gmt":"2026-02-24T13:52:54","slug":"reforco-de-capacidades-do-cirfipo-a-ohada-consolida-a-sua-estrategia-de-mobilizacao-des-financiamentos","status":"publish","type":"post","link":"https:\/\/www.ohada.org\/pt-pt\/reforco-de-capacidades-do-cirfipo-a-ohada-consolida-a-sua-estrategia-de-mobilizacao-des-financiamentos\/","title":{"rendered":"Refor\u00e7o de capacidades do CIRFIPO : a OHADA consolida a sua estrat\u00e9gia de mobiliza\u00e7\u00e3o des financiamentos"},"content":{"rendered":"<p><!-- VideographyWP Plugin Message: Automatic video embedding prevented by plugin options. --><\/p>\n<p class=\"s6\" style=\"text-align: justify;\"><span class=\"s5\">O<\/span> <span class=\"s5\">Secr<\/span><span class=\"s5\">e<\/span><span class=\"s5\">taria<\/span><span class=\"s5\">do<\/span><span class=\"s5\"> Permanente organizou, em Libreville (Gab\u00e3o), <\/span><span class=\"s5\">d<\/span><span class=\"s5\">e 17 <\/span><span class=\"s5\">\u00e0<\/span><span class=\"s5\"> 20 de <\/span><span class=\"s5\">F<\/span><span class=\"s5\">evereiro de 2026<\/span><span class=\"s5\">, <\/span><span class=\"s5\">um atelier de forma\u00e7\u00e3o <\/span><span class=\"s5\">\u00e0 favor d<\/span><span class=\"s5\">os membros do Comit\u00e9 Interinstitucional de <\/span><span class=\"s5\">mobiliza\u00e7\u00e3o<\/span><span class=\"s5\"> de <\/span><span class=\"s5\">f<\/span><span class=\"s5\">inan<\/span><span class=\"s5\">ciamento<\/span><span class=\"s5\">s e <\/span><span class=\"s5\">de segui<\/span><span class=\"s5\">mento de <\/span><span class=\"s5\">p<\/span><span class=\"s5\">rojetos (CIRFIPO) da Organiza\u00e7\u00e3o para a Harmoniza\u00e7\u00e3o <\/span><span class=\"s5\">em<\/span><span class=\"s5\"> \u00c1frica do Direito <\/span><span class=\"s5\">dos Neg\u00f3cios<\/span><span class=\"s5\">(OHADA). Organizado <\/span><span class=\"s5\">com o <\/span><span class=\"s5\">o<\/span> <span class=\"s5\">apoi<\/span><span class=\"s5\">o da Ag\u00eancia Franc<\/span><span class=\"s5\">\u00ea<\/span><span class=\"s5\">sa de Desenvolvimento (AFD), esta forma\u00e7\u00e3o visa<\/span><span class=\"s5\">va<\/span><span class=\"s5\"> refor\u00e7ar as capacidades t\u00e9cnicas e estrat\u00e9gicas dos membros d<\/span><span class=\"s5\">o<\/span><span class=\"s5\"> Comit\u00e9 em mat\u00e9ria de concep\u00e7\u00e3o e estrutura\u00e7\u00e3o de projetos, de <\/span><span class=\"s5\">escolha <\/span><span class=\"s5\">d<\/span><span class=\"s5\">o<\/span><span class=\"s5\">s parceiros t\u00e9cnicos e financeiros, de modeliza\u00e7\u00e3o or\u00e7amental e de reda\u00e7\u00e3o de propostas adaptadas \u00e0s exig\u00eancias dos <\/span><span class=\"s5\">doadore<\/span><span class=\"s5\">s. Est<\/span><span class=\"s5\">a forma\u00e7\u00e3o <\/span><span class=\"s5\">inscr<\/span><span class=\"s5\">eve-se <\/span><span class=\"s5\">na din\u00e2mica de <\/span><span class=\"s5\">busca <\/span><span class=\"s5\">de financiamento<\/span><span class=\"s5\">s<\/span><span class=\"s5\"> e <\/span><span class=\"s5\">de<\/span><span class=\"s5\"> refor\u00e7o da governa\u00e7\u00e3o de projetos estruturantes da OHADA. Ela <\/span><span class=\"s5\">d<\/span><span class=\"s5\">e<\/span><span class=\"s5\">correu <\/span><span class=\"s5\">na presen\u00e7a dos Chefes da<\/span><span class=\"s5\">s<\/span><span class=\"s5\">Institui\u00e7<\/span><span class=\"s5\">\u00f5es da<\/span><span class=\"s5\"> OHADA e <\/span><span class=\"s5\">foi<\/span> <span class=\"s5\">alar<\/span><span class=\"s5\">gad<\/span><span class=\"s5\">a<\/span> <span class=\"s5\">\u00e0 <\/span><span class=\"s5\">todos os membros do pessoal <\/span><span class=\"s5\">com categori<\/span><span class=\"s5\">a <\/span><span class=\"s5\">de<\/span><span class=\"s5\"> Diretor.<\/span><\/p>\n<p class=\"s6\" style=\"text-align: justify;\"><span class=\"s5\">No final do<\/span><span class=\"s5\">s trabalhos do atelier<\/span><span class=\"s5\">, o Secret\u00e1rio Permanente <\/span><span class=\"s5\">formulou votos para que <\/span><span class=\"s5\">as compet\u00eancias adquiridas durante <\/span><span class=\"s5\">est<\/span><span class=\"s5\">a forma\u00e7\u00e3o sejam r<\/span><span class=\"s5\">\u00e1<\/span><span class=\"s5\">pidamente <\/span><span class=\"s5\">c<\/span><span class=\"s5\">ap<\/span><span class=\"s5\">i<\/span><span class=\"s5\">ta<\/span><span class=\"s5\">liza<\/span><span class=\"s5\">das atrav\u00e9s da elabora\u00e7\u00e3o de propostas t\u00e9cnicas <\/span><span class=\"s5\">s\u00f3lid<\/span><span class=\"s5\">as, <\/span><span class=\"s5\">sucept\u00edveis<\/span><span class=\"s5\"> de contribuir significativamente para a mobiliza\u00e7\u00e3o de recursos em benef\u00edcio da Organiza\u00e7\u00e3o e dos seus Estados<\/span><span class=\"s5\"> m<\/span><span class=\"s5\">embros.<\/span><\/p>\n<p class=\"s6\" style=\"text-align: justify;\"><span class=\"s5\">Esta forma\u00e7\u00e3o em t\u00e9cnicas de <\/span><span class=\"s5\">busca<\/span><span class=\"s5\"> de f<\/span><span class=\"s5\">inanciamento<\/span><span class=\"s5\">s e <\/span><span class=\"s5\">angaria\u00e7\u00e3o de fund<\/span><span class=\"s5\">o<\/span><span class=\"s5\">s<\/span><span class=\"s5\"> ser\u00e1 replicada, por videoconfer\u00eancia, de 23 a 26 de <\/span><span class=\"s5\">F<\/span><span class=\"s5\">evereiro de 2026, para os membros das Comiss\u00f5es Nacionais da OHADA (CN<\/span><span class=\"s5\">O<\/span><span class=\"s5\">). Tendo j\u00e1 recebido forma\u00e7\u00e3o especializada em <\/span><span class=\"s5\">leg\u00edstica<\/span><span class=\"s5\"> presencial<\/span><span class=\"s5\">mente<\/span><span class=\"s5\"> em Antananarivo <\/span><span class=\"s5\">(<\/span><span class=\"s5\">Madag\u00e1scar<\/span><span class=\"s5\">)<\/span><span class=\"s5\">, as CN<\/span><span class=\"s5\">O<\/span><span class=\"s5\">, enquanto atores nacionais na constru\u00e7\u00e3o da integra\u00e7\u00e3o jur\u00eddica no direito <\/span><span class=\"s5\">dos neg\u00f3cios<\/span><span class=\"s5\">, continuar\u00e3o a refor\u00e7ar as suas capacidades para <\/span><span class=\"s5\">dispo<\/span><span class=\"s5\">r <\/span><span class=\"s5\">de<\/span><span class=\"s5\"> compet\u00eancias necess\u00e1rias para procurar, obter e gerir financiamento<\/span><span class=\"s5\">s<\/span><span class=\"s5\"> para projetos estruturantes <\/span><span class=\"s5\">\u00e0<\/span><span class=\"s5\">n\u00edvel nacional. Esta forma\u00e7\u00e3o ser\u00e1 seguida, nos pr\u00f3ximos meses, <\/span><span class=\"s5\">de um atelier de forma\u00e7\u00e3o<\/span><span class=\"s5\"> sobre t\u00e9cnicas de negocia\u00e7\u00e3o internacional.<\/span><\/p>\n<p class=\"s6\" style=\"text-align: right;\"><span class=\"s7\">F<\/span><span class=\"s7\">e<\/span><span class=\"s7\">it<\/span><span class=\"s7\">o<\/span> <span class=\"s7\">em L<\/span><span class=\"s7\">ibreville, 20 <\/span><span class=\"s7\">de Fe<\/span><span class=\"s7\">v<\/span><span class=\"s7\">e<\/span><span class=\"s7\">r<\/span><span class=\"s7\">e<\/span><span class=\"s7\">ir<\/span><span class=\"s7\">o de<\/span><span class=\"s7\"> 2026<\/span><span class=\"s7\"> \u00a0 \u00a0<\/span><\/p>\n<p class=\"s6\" style=\"text-align: right;\"><span class=\"s5\">\u00a0 \u00a0 \u00a0 \u00a0 \u00a0\u00a0<\/span><\/p>\n<p class=\"s8\" style=\"text-align: right;\"><span class=\"s7\">O <\/span><span class=\"s7\">Secr<\/span><span class=\"s7\">e<\/span><span class=\"s7\">t<\/span><span class=\"s7\">\u00e1<\/span><span class=\"s7\">r<\/span><span class=\"s7\">io<\/span><span class=\"s7\"> Permanent<\/span><span class=\"s7\">e<\/span><\/p>\n","protected":false},"excerpt":{"rendered":"<p>O Secretariado Permanente organizou, em Libreville (Gab\u00e3o), de 17 \u00e0 20 de Fevereiro de 2026, um atelier de forma\u00e7\u00e3o \u00e0 favor dos membros do Comit\u00e9 Interinstitucional de mobiliza\u00e7\u00e3o de financiamentos e de seguimento de projetos (CIRFIPO) da Organiza\u00e7\u00e3o para a Harmoniza\u00e7\u00e3o em \u00c1frica do Direito dos Neg\u00f3cios(OHADA). Organizado com o o apoio da Ag\u00eancia Franc\u00easa [&hellip;]<\/p>\n","protected":false},"author":12,"featured_media":43470,"comment_status":"closed","ping_status":"closed","sticky":false,"template":"","format":"standard","meta":{"_relevanssi_hide_post":"","_relevanssi_hide_content":"","_relevanssi_pin_for_all":"","_relevanssi_pin_keywords":"","_relevanssi_unpin_keywords":"","_relevanssi_related_keywords":"","_relevanssi_related_include_ids":"","_relevanssi_related_exclude_ids":"","_relevanssi_related_no_append":"","_relevanssi_related_not_related":"","_relevanssi_related_posts":"","_relevanssi_noindex_reason":"","footnotes":""},"categories":[533,212,441],"tags":[],"acf":[],"_links":{"self":[{"href":"https:\/\/www.ohada.org\/pt-pt\/wp-json\/wp\/v2\/posts\/45398"}],"collection":[{"href":"https:\/\/www.ohada.org\/pt-pt\/wp-json\/wp\/v2\/posts"}],"about":[{"href":"https:\/\/www.ohada.org\/pt-pt\/wp-json\/wp\/v2\/types\/post"}],"author":[{"embeddable":true,"href":"https:\/\/www.ohada.org\/pt-pt\/wp-json\/wp\/v2\/users\/12"}],"replies":[{"embeddable":true,"href":"https:\/\/www.ohada.org\/pt-pt\/wp-json\/wp\/v2\/comments?post=45398"}],"version-history":[{"count":3,"href":"https:\/\/www.ohada.org\/pt-pt\/wp-json\/wp\/v2\/posts\/45398\/revisions"}],"predecessor-version":[{"id":45401,"href":"https:\/\/www.ohada.org\/pt-pt\/wp-json\/wp\/v2\/posts\/45398\/revisions\/45401"}],"wp:featuredmedia":[{"embeddable":true,"href":"https:\/\/www.ohada.org\/pt-pt\/wp-json\/wp\/v2\/media\/43470"}],"wp:attachment":[{"href":"https:\/\/www.ohada.org\/pt-pt\/wp-json\/wp\/v2\/media?parent=45398"}],"wp:term":[{"taxonomy":"category","embeddable":true,"href":"https:\/\/www.ohada.org\/pt-pt\/wp-json\/wp\/v2\/categories?post=45398"},{"taxonomy":"post_tag","embeddable":true,"href":"https:\/\/www.ohada.org\/pt-pt\/wp-json\/wp\/v2\/tags?post=45398"}],"curies":[{"name":"wp","href":"https:\/\/api.w.org\/{rel}","templated":true}]}}