{"id":45429,"date":"2026-02-28T05:43:15","date_gmt":"2026-02-28T04:43:15","guid":{"rendered":"https:\/\/www.ohada.org\/?p=45429"},"modified":"2026-02-28T05:45:48","modified_gmt":"2026-02-28T04:45:48","slug":"reforco-de-capacidades-operacionais-das-comissoes-nacionais-da-ohada-foco-nas-tecnicas-de-angariacao-de-financiamentos","status":"publish","type":"post","link":"https:\/\/www.ohada.org\/pt-pt\/reforco-de-capacidades-operacionais-das-comissoes-nacionais-da-ohada-foco-nas-tecnicas-de-angariacao-de-financiamentos\/","title":{"rendered":"Refor\u00e7o de capacidades operacionais das Comiss\u00f5es Nacionais da OHADA: Foco nas t\u00e9cnicas de angaria\u00e7\u00e3o de financiamentos"},"content":{"rendered":"<p><!-- VideographyWP Plugin Message: Automatic video embedding prevented by plugin options. --><\/p>\n<p class=\"s2\" style=\"text-align: justify;\"><span class=\"s4\">O<\/span> <span class=\"s4\">Secretariado Permanente da OHADA <\/span><span class=\"s4\">organizou d<\/span><span class=\"s4\">e 23 <\/span><span class=\"s4\">\u00e0<\/span><span class=\"s4\"> 26 de <\/span><span class=\"s4\">F<\/span><span class=\"s4\">evereiro de 2026, por videoconfer\u00eancia<\/span><span class=\"s4\">,<\/span><span class=\"s4\"> um semin\u00e1rio de forma\u00e7\u00e3o sobre <\/span><span class=\"s4\">as <\/span><span class=\"s4\">t\u00e9cnicas de<\/span><span class=\"s4\"> busca de<\/span><span class=\"s4\">f<\/span><span class=\"s4\">inanciament<\/span><span class=\"s4\">os e <\/span><span class=\"s4\">de <\/span><span class=\"s4\">angaria\u00e7\u00e3o<\/span> <span class=\"s4\">f<\/span><span class=\"s4\">und<\/span><span class=\"s4\">o<\/span><span class=\"s4\">s<\/span> <span class=\"s4\">\u00e0 favor d<\/span><span class=\"s4\">as Comiss\u00f5es Nacionais da OHADA (CN<\/span><span class=\"s4\">O<\/span><span class=\"s4\">).<\/span><\/p>\n<p class=\"s2\" style=\"text-align: justify;\"><span class=\"s4\">Ao longo de quatro dias, os participantes aprofundaram os seus conhecimentos e <\/span><span class=\"s4\">consolidar<\/span><span class=\"s4\">am as suas compet\u00eancias na identifica\u00e7\u00e3o de oportunidades de financiamento, na estrutura\u00e7\u00e3o de projetos vi\u00e1veis \u200b\u200be na<\/span><span class=\"s4\">s t\u00e9cnicas de<\/span><span class=\"s4\"> mobiliza\u00e7\u00e3o de recursos <\/span><span class=\"s4\">junto <\/span><span class=\"s4\">de parceiros t\u00e9cnicos e financeiros.<\/span><\/p>\n<p class=\"s2\" style=\"text-align: justify;\"><span class=\"s4\">O<\/span><span class=\"s4\">s trabalhos<\/span> <span class=\"s4\">permitiram<\/span> <span class=\"s4\">igualmente<\/span> <span class=\"s4\">a troca de experi\u00eancias entre os membros das <\/span><span class=\"s4\">diferente<\/span><span class=\"s4\">s CN<\/span><span class=\"s4\">O<\/span><span class=\"s4\">, <\/span><span class=\"s4\">facilita<\/span><span class=\"s4\">ndo a <\/span><span class=\"s4\">mutualiza<\/span><span class=\"s4\">\u00e7\u00e3o de boas pr\u00e1ticas e <\/span><span class=\"s4\">o<\/span><span class=\"s4\"> desenvolvimento de abordagens harmonizadas <\/span><span class=\"s4\">em mat\u00e9ria de montagem e d<\/span><span class=\"s4\">e gest\u00e3o de projetos estrutura<\/span><span class=\"s4\">nte<\/span><span class=\"s4\">s <\/span><span class=\"s4\">\u00e0<\/span><span class=\"s4\"> n\u00edvel nacional.<\/span><\/p>\n<p class=\"s2\" style=\"text-align: justify;\"><span class=\"s4\">Esta nova sess\u00e3o de forma\u00e7\u00e3o d\u00e1 seguimento ao <\/span><span class=\"s4\">atelier<\/span><span class=\"s4\"> de <\/span><span class=\"s4\">l<\/span><span class=\"s4\">eg<\/span><span class=\"s4\">\u00ed<\/span><span class=\"s4\">s<\/span><span class=\"s4\">t<\/span><span class=\"s4\">i<\/span><span class=\"s4\">c<\/span><span class=\"s4\">a organizado pela OHADA em <\/span><span class=\"s4\">D<\/span><span class=\"s4\">ezembro de 2024 para <\/span><span class=\"s4\">a<\/span><span class=\"s4\">s C<\/span><span class=\"s4\">NO<\/span><span class=\"s4\">. <\/span><span class=\"s4\">Ele se <\/span><span class=\"s4\">inscreve<\/span> <span class=\"s4\">na<\/span> <span class=\"s4\">din\u00e2mica do refor\u00e7o <\/span><span class=\"s4\">cont\u00ednuo <\/span><span class=\"s4\">de<\/span><span class=\"s4\"> capacidades d<\/span><span class=\"s4\">a<\/span><span class=\"s4\">s CN<\/span><span class=\"s4\">O<\/span><span class=\"s4\">, <\/span><span class=\"s4\">ator<\/span><span class=\"s4\">es nacionais essenciais n<\/span><span class=\"s4\">a elabora\u00e7\u00e3o<\/span><span class=\"s4\">, implementa\u00e7\u00e3o e ap<\/span><span class=\"s4\">ropr<\/span><span class=\"s4\">ia\u00e7\u00e3o d<\/span><span class=\"s4\">o dir<\/span><span class=\"s4\">e<\/span><span class=\"s4\">to<\/span> <span class=\"s4\">u<\/span><span class=\"s4\">niforme para a melhoria cont\u00ednua do ambiente <\/span><span class=\"s4\">dos neg\u00f3cios<\/span><span class=\"s4\"> n<\/span><span class=\"s4\">o<\/span> <span class=\"s4\">espa\u00e7o<\/span><span class=\"s4\"> OHADA.<\/span><\/p>\n<p class=\"s2\" style=\"text-align: justify;\"><span class=\"s4\">Nas pr\u00f3ximas semanas ser\u00e1 organizado um <\/span><span class=\"s4\">atelier<\/span><span class=\"s4\"> complementar sobre <\/span><span class=\"s4\">as <\/span><span class=\"s4\">t\u00e9cnicas de negocia\u00e7\u00e3o internacional para <\/span><span class=\"s4\">equip<\/span><span class=\"s4\">ar os membros d<\/span><span class=\"s4\">a<\/span><span class=\"s4\">s CN<\/span><span class=\"s4\">O<\/span><span class=\"s4\"> com as compet\u00eancias necess\u00e1rias para negociar, concluir e assegurar parcerias estrat\u00e9gicas.<\/span><\/p>\n<p class=\"s2\" style=\"text-align: justify;\">\n","protected":false},"excerpt":{"rendered":"<p>O Secretariado Permanente da OHADA organizou de 23 \u00e0 26 de Fevereiro de 2026, por videoconfer\u00eancia, um semin\u00e1rio de forma\u00e7\u00e3o sobre as t\u00e9cnicas de busca definanciamentos e de angaria\u00e7\u00e3o fundos \u00e0 favor das Comiss\u00f5es Nacionais da OHADA (CNO). Ao longo de quatro dias, os participantes aprofundaram os seus conhecimentos e consolidaram as suas compet\u00eancias na [&hellip;]<\/p>\n","protected":false},"author":12,"featured_media":43470,"comment_status":"closed","ping_status":"closed","sticky":false,"template":"","format":"standard","meta":{"_relevanssi_hide_post":"","_relevanssi_hide_content":"","_relevanssi_pin_for_all":"","_relevanssi_pin_keywords":"","_relevanssi_unpin_keywords":"","_relevanssi_related_keywords":"","_relevanssi_related_include_ids":"","_relevanssi_related_exclude_ids":"","_relevanssi_related_no_append":"","_relevanssi_related_not_related":"","_relevanssi_related_posts":"","_relevanssi_noindex_reason":"","footnotes":""},"categories":[533,212,441],"tags":[],"acf":[],"_links":{"self":[{"href":"https:\/\/www.ohada.org\/pt-pt\/wp-json\/wp\/v2\/posts\/45429"}],"collection":[{"href":"https:\/\/www.ohada.org\/pt-pt\/wp-json\/wp\/v2\/posts"}],"about":[{"href":"https:\/\/www.ohada.org\/pt-pt\/wp-json\/wp\/v2\/types\/post"}],"author":[{"embeddable":true,"href":"https:\/\/www.ohada.org\/pt-pt\/wp-json\/wp\/v2\/users\/12"}],"replies":[{"embeddable":true,"href":"https:\/\/www.ohada.org\/pt-pt\/wp-json\/wp\/v2\/comments?post=45429"}],"version-history":[{"count":1,"href":"https:\/\/www.ohada.org\/pt-pt\/wp-json\/wp\/v2\/posts\/45429\/revisions"}],"predecessor-version":[{"id":45430,"href":"https:\/\/www.ohada.org\/pt-pt\/wp-json\/wp\/v2\/posts\/45429\/revisions\/45430"}],"wp:featuredmedia":[{"embeddable":true,"href":"https:\/\/www.ohada.org\/pt-pt\/wp-json\/wp\/v2\/media\/43470"}],"wp:attachment":[{"href":"https:\/\/www.ohada.org\/pt-pt\/wp-json\/wp\/v2\/media?parent=45429"}],"wp:term":[{"taxonomy":"category","embeddable":true,"href":"https:\/\/www.ohada.org\/pt-pt\/wp-json\/wp\/v2\/categories?post=45429"},{"taxonomy":"post_tag","embeddable":true,"href":"https:\/\/www.ohada.org\/pt-pt\/wp-json\/wp\/v2\/tags?post=45429"}],"curies":[{"name":"wp","href":"https:\/\/api.w.org\/{rel}","templated":true}]}}